{"id":716,"date":"2016-05-13T15:19:20","date_gmt":"2016-05-13T13:19:20","guid":{"rendered":"http:\/\/set-goblen.ro\/blog\/?p=716"},"modified":"2016-01-28T23:19:36","modified_gmt":"2016-01-28T21:19:36","slug":"set-goblen-mona-lisa","status":"publish","type":"post","link":"http:\/\/set-goblen.ro\/blog\/set-goblen-mona-lisa\/","title":{"rendered":"Set Goblen &#8211; Mona Lisa"},"content":{"rendered":"<div class=\"addtoany_share_save_container addtoany_content_top\"><div class=\"a2a_kit a2a_kit_size_32 addtoany_list a2a_target\" id=\"wpa2a_1\"><a class=\"a2a_button_facebook\" href=\"http:\/\/www.addtoany.com\/add_to\/facebook?linkurl=http%3A%2F%2Fset-goblen.ro%2Fblog%2Fset-goblen-trandafiri-de-ferdinand-georg-waldmuller%2F&amp;linkname=Set%20Goblen%20%E2%80%93%20Trandafiri%20de%20Ferdinand%20Georg%20Waldmuller\" title=\"Facebook\" rel=\"nofollow\" target=\"_blank\"><\/a><a class=\"a2a_button_twitter\" href=\"http:\/\/www.addtoany.com\/add_to\/twitter?linkurl=http%3A%2F%2Fset-goblen.ro%2Fblog%2Fset-goblen-trandafiri-de-ferdinand-georg-waldmuller%2F&amp;linkname=Set%20Goblen%20%E2%80%93%20Trandafiri%20de%20Ferdinand%20Georg%20Waldmuller\" title=\"Twitter\" rel=\"nofollow\" target=\"_blank\"><\/a><a class=\"a2a_button_google_plus\" href=\"http:\/\/www.addtoany.com\/add_to\/google_plus?linkurl=http%3A%2F%2Fset-goblen.ro%2Fblog%2Fset-goblen-trandafiri-de-ferdinand-georg-waldmuller%2F&amp;linkname=Set%20Goblen%20%E2%80%93%20Trandafiri%20de%20Ferdinand%20Georg%20Waldmuller\" title=\"Google+\" rel=\"nofollow\" target=\"_blank\"><\/a><a class=\"a2a_dd addtoany_share_save\" href=\"https:\/\/www.addtoany.com\/share_save\"><\/a>\n<script type=\"text\/javascript\"><!--\nwpa2a.script_load();\n\/\/--><\/script>\n<\/div><\/div><p><a href=\"http:\/\/set-goblen.ro\/\" rel=\"attachment wp-att-577\"><img loading=\"lazy\" decoding=\"async\" class=\"size-medium wp-image-577 alignleft\" src=\"http:\/\/set-goblen.ro\/blog\/wp-content\/uploads\/2015\/09\/set-goblen.ro-PNGvectoriala_001-300x100.png\" alt=\"set-goblen.ro (PNG)vectoriala_001\" width=\"300\" height=\"100\" srcset=\"http:\/\/set-goblen.ro\/blog\/wp-content\/uploads\/2015\/09\/set-goblen.ro-PNGvectoriala_001-300x100.png 300w, http:\/\/set-goblen.ro\/blog\/wp-content\/uploads\/2015\/09\/set-goblen.ro-PNGvectoriala_001.png 584w\" sizes=\"(max-width: 300px) 100vw, 300px\" \/><\/a>Dragi iubitori de goblen, avem pl\u0103cerea de a v\u0103 prezenta un nou kit goblen marca Set Goblen Rom\u00e2nia. Acest set goblen este realizat dup\u0103 faimoasa pictur\u0103 a lui Leonardo da Vinci, <a href=\"https:\/\/en.wikipedia.org\/wiki\/Mona_Lisa\" target=\"_blank\">Mona Lisa<\/a>.<\/p>\n<p>Mona Lisa\u00a0a fost \u0219i este \u00een continuare una dintre enigmele picturii moderne, la realizarea ei au fost folosite tehnici pe care cercet\u0103torii moderni nu reu\u0219esc s\u0103 le deslu\u0219easc\u0103 nici \u00een zilele noastre. Tot ce \u021bine de aceast\u0103 pictur\u0103 este fascinant, de la modul de realizare p\u00e2n\u0103 la personajul pictat \u0219i istoricul picturii.<\/p>\n<p>&nbsp;<\/p>\n<p><a href=\"http:\/\/set-goblen.ro\/blog\/wp-content\/uploads\/2016\/01\/mona-lisa-de-leonardo-da-vinci.jpg\"><img loading=\"lazy\" decoding=\"async\" class=\"aligncenter wp-image-717 size-full\" src=\"http:\/\/set-goblen.ro\/blog\/wp-content\/uploads\/2016\/01\/mona-lisa-de-leonardo-da-vinci.jpg\" alt=\"mona-lisa-de-leonardo-da-vinci\" width=\"461\" height=\"800\" srcset=\"http:\/\/set-goblen.ro\/blog\/wp-content\/uploads\/2016\/01\/mona-lisa-de-leonardo-da-vinci.jpg 461w, http:\/\/set-goblen.ro\/blog\/wp-content\/uploads\/2016\/01\/mona-lisa-de-leonardo-da-vinci-173x300.jpg 173w\" sizes=\"(max-width: 461px) 100vw, 461px\" \/><\/a><\/p>\n<p>&nbsp;<\/p>\n<p>Se presupune c\u0103\u00a0<em>Mona Lisa\u00a0<\/em>a fost pictat\u0103 \u00eentre anii 1503 \u0219i 1507 \u00een Floren\u021ba , cu unele retu\u0219uri ad\u0103ugate p\u00e2n\u0103 \u00een 1517. Exper\u021bii sunt de p\u0103rere c\u0103 personajul pictat este <em><a href=\"https:\/\/en.wikipedia.org\/wiki\/Lisa_del_Giocondo\" target=\"_blank\">Lisa del Giocondo<\/a>,\u00a0<\/em>\u0219i c\u0103 pictura a fost realizat\u0103 la comanda so\u021bului acesteia.<\/p>\n<p>&nbsp;<\/p>\nCiteste si: <div class=\"arpw-random-post \"><ul class=\"arpw-ul\"><li class=\"arpw-li arpw-clearfix\"><a href=\"http:\/\/set-goblen.ro\/blog\/floare-nemuritoare-diagrame-goblen-gratis\/\"  rel=\"bookmark\"><img loading=\"lazy\" decoding=\"async\" width=\"150\" height=\"150\" src=\"http:\/\/set-goblen.ro\/blog\/wp-content\/uploads\/2015\/06\/floare-nemuritoare-150x150.jpg\" class=\"arpw-thumbnail alignleft wp-post-image\" alt=\"Floare nemuritoare &#8211; Diagrame Goblen &#8211; Gratis\" \/><\/a><a class=\"arpw-title\" href=\"http:\/\/set-goblen.ro\/blog\/floare-nemuritoare-diagrame-goblen-gratis\/\" title=\"Permalink to Floare nemuritoare &#8211; Diagrame Goblen &#8211; Gratis\" rel=\"bookmark\">Floare nemuritoare &#8211; Diagrame Goblen &#8211; Gratis<\/a><\/li><\/ul><\/div><!-- Generated by https:\/\/wordpress.org\/plugins\/advanced-random-posts-widget\/ -->------------\n<p>&nbsp;<\/p>\n<p>Dea lungul timpului\u00a0<em>Mona Lisa\u00a0<\/em>a avut multe\u00a0<em>domicilii<\/em>, aceasta fiind mutat\u0103 pe r\u00e2nd de la Palatul de la\u00a0Fontainebleau, la Palatul de la Versailles, la Louvre, la Chateau d&#8217;Ambroise, la Loc-Dieu Abbey \u0219i Muzeul Ingres de la Montauban.<\/p>\n<p>\u00cen 1911 aceasta a fost furat\u0103 \u0219i recuperat\u0103 abia dup\u0103 trei ani, \u00een 1914, iar dea lungul timpului au avut loc multe tentative de vandalism asupra <em>Mona Lisei,\u00a0<\/em>unele \u00eencununate cu succes.<\/p>\n<p>&nbsp;<\/p>\nCiteste si: <div class=\"arpw-random-post \"><ul class=\"arpw-ul\"><li class=\"arpw-li arpw-clearfix\"><a href=\"http:\/\/set-goblen.ro\/blog\/set-goblen-iarna-la-campie\/\"  rel=\"bookmark\"><img loading=\"lazy\" decoding=\"async\" width=\"150\" height=\"150\" src=\"http:\/\/set-goblen.ro\/blog\/wp-content\/uploads\/2016\/01\/iarna-la-campie-de-william-mason-brown-150x150.jpg\" class=\"arpw-thumbnail alignleft wp-post-image\" alt=\"Set goblen &#8211; Iarna la c\u00e2mpie\" srcset=\"http:\/\/set-goblen.ro\/blog\/wp-content\/uploads\/2016\/01\/iarna-la-campie-de-william-mason-brown-150x150.jpg 150w, http:\/\/set-goblen.ro\/blog\/wp-content\/uploads\/2016\/01\/iarna-la-campie-de-william-mason-brown-50x50.jpg 50w\" sizes=\"(max-width: 150px) 100vw, 150px\" \/><\/a><a class=\"arpw-title\" href=\"http:\/\/set-goblen.ro\/blog\/set-goblen-iarna-la-campie\/\" title=\"Permalink to Set goblen &#8211; Iarna la c\u00e2mpie\" rel=\"bookmark\">Set goblen &#8211; Iarna la c\u00e2mpie<\/a><\/li><\/ul><\/div><!-- Generated by https:\/\/wordpress.org\/plugins\/advanced-random-posts-widget\/ -->------------\n<p>&nbsp;<\/p>\n<p>Dimensiunea goblenului este 30 x 41 cm, iar num\u0103rul de culori este 90. Acest num\u0103r relativ mare de culori va face ca goblenul odat\u0103 cusut s\u0103 reproduc\u0103 c\u00e2t mai bine pictura lui Leonardo da Vinci.<\/p>\n<p>Codul acestui set goblen este 654 \u0219i poate fi g\u0103sit pe website-ul nostru \u00een sec\u021biunea\u00a0<em><a href=\"http:\/\/set-goblen.ro\/11-portrete\" target=\"_blank\">Portrete\u00a0<\/a><\/em>sau d\u00e2nd click aici: <a href=\"http:\/\/set-goblen.ro\/portrete\/4251-mona-lisa-de-leonardo-da-vinci.html\" target=\"_blank\">Set Goblen &#8211; Mona Lisa<\/a>.<\/p>\n<p>Pentru orice \u00eentrebare sau nel\u0103murire v\u0103 rug\u0103m s\u0103 ne contacta\u021bi pe mail sau pe numerele de telefon afi\u0219ate pe site.<\/p>\nCite\u0219te \u0219i: <div class=\"arpw-random-post \"><ul class=\"arpw-ul\"><li class=\"arpw-li arpw-clearfix\"><a href=\"http:\/\/set-goblen.ro\/blog\/kit-goblen-vaza-cu-trandafiri-roz\/\"  rel=\"bookmark\"><img loading=\"lazy\" decoding=\"async\" width=\"50\" height=\"50\" src=\"http:\/\/set-goblen.ro\/blog\/wp-content\/uploads\/2016\/01\/vaza-cu-trandafiri-roz-50x50.jpg\" class=\"arpw-thumbnail alignleft wp-post-image\" alt=\"Kit Goblen &#8211; Vaz\u0103 cu trandafiri roz\" srcset=\"http:\/\/set-goblen.ro\/blog\/wp-content\/uploads\/2016\/01\/vaza-cu-trandafiri-roz-50x50.jpg 50w, http:\/\/set-goblen.ro\/blog\/wp-content\/uploads\/2016\/01\/vaza-cu-trandafiri-roz-150x150.jpg 150w\" sizes=\"(max-width: 50px) 100vw, 50px\" \/><\/a><a class=\"arpw-title\" href=\"http:\/\/set-goblen.ro\/blog\/kit-goblen-vaza-cu-trandafiri-roz\/\" title=\"Permalink to Kit Goblen &#8211; Vaz\u0103 cu trandafiri roz\" rel=\"bookmark\">Kit Goblen &#8211; Vaz\u0103 cu trandafiri roz<\/a><\/li><li class=\"arpw-li arpw-clearfix\"><a href=\"http:\/\/set-goblen.ro\/blog\/goblen-cusut-pahar-cu-flori\/\"  rel=\"bookmark\"><img loading=\"lazy\" decoding=\"async\" width=\"38\" height=\"50\" src=\"http:\/\/set-goblen.ro\/blog\/wp-content\/uploads\/2015\/02\/P1010593_001.jpg\" class=\"arpw-thumbnail alignleft wp-post-image\" alt=\"Goblen cusut &#8211; Pahar cu Flori\" srcset=\"http:\/\/set-goblen.ro\/blog\/wp-content\/uploads\/2015\/02\/P1010593_001.jpg 720w, http:\/\/set-goblen.ro\/blog\/wp-content\/uploads\/2015\/02\/P1010593_001-225x300.jpg 225w\" sizes=\"(max-width: 38px) 100vw, 38px\" \/><\/a><a class=\"arpw-title\" href=\"http:\/\/set-goblen.ro\/blog\/goblen-cusut-pahar-cu-flori\/\" title=\"Permalink to Goblen cusut &#8211; Pahar cu Flori\" rel=\"bookmark\">Goblen cusut &#8211; Pahar cu Flori<\/a><\/li><li class=\"arpw-li arpw-clearfix\"><a href=\"http:\/\/set-goblen.ro\/blog\/kit-goblen-trandafiri-de-c-klein\/\"  rel=\"bookmark\"><img loading=\"lazy\" decoding=\"async\" width=\"50\" height=\"50\" src=\"http:\/\/set-goblen.ro\/blog\/wp-content\/uploads\/2016\/01\/trandafiri-de-c-klein-50x50.jpg\" class=\"arpw-thumbnail alignleft wp-post-image\" alt=\"Kit goblen &#8211; Trandafiri de C. Klein\" srcset=\"http:\/\/set-goblen.ro\/blog\/wp-content\/uploads\/2016\/01\/trandafiri-de-c-klein-50x50.jpg 50w, http:\/\/set-goblen.ro\/blog\/wp-content\/uploads\/2016\/01\/trandafiri-de-c-klein-150x150.jpg 150w\" sizes=\"(max-width: 50px) 100vw, 50px\" \/><\/a><a class=\"arpw-title\" href=\"http:\/\/set-goblen.ro\/blog\/kit-goblen-trandafiri-de-c-klein\/\" title=\"Permalink to Kit goblen &#8211; Trandafiri de C. Klein\" rel=\"bookmark\">Kit goblen &#8211; Trandafiri de C. Klein<\/a><\/li><li class=\"arpw-li arpw-clearfix\"><a href=\"http:\/\/set-goblen.ro\/blog\/kit-goblen-fetita-visatoare\/\"  rel=\"bookmark\"><img loading=\"lazy\" decoding=\"async\" width=\"50\" height=\"50\" src=\"http:\/\/set-goblen.ro\/blog\/wp-content\/uploads\/2015\/07\/fetita-visatoare-de-jean-baptiste-greuze.jpg\" class=\"arpw-thumbnail alignleft wp-post-image\" alt=\"Kit Goblen &#8211; Feti\u021ba vis\u0103toare\" srcset=\"http:\/\/set-goblen.ro\/blog\/wp-content\/uploads\/2015\/07\/fetita-visatoare-de-jean-baptiste-greuze.jpg 600w, http:\/\/set-goblen.ro\/blog\/wp-content\/uploads\/2015\/07\/fetita-visatoare-de-jean-baptiste-greuze-150x150.jpg 150w, http:\/\/set-goblen.ro\/blog\/wp-content\/uploads\/2015\/07\/fetita-visatoare-de-jean-baptiste-greuze-300x300.jpg 300w\" sizes=\"(max-width: 50px) 100vw, 50px\" \/><\/a><a class=\"arpw-title\" href=\"http:\/\/set-goblen.ro\/blog\/kit-goblen-fetita-visatoare\/\" title=\"Permalink to Kit Goblen &#8211; Feti\u021ba vis\u0103toare\" rel=\"bookmark\">Kit Goblen &#8211; Feti\u021ba vis\u0103toare<\/a><\/li><li class=\"arpw-li arpw-clearfix\"><a href=\"http:\/\/set-goblen.ro\/blog\/set-goblen-trandafiri-de-ferdinand-georg-waldmuller\/\"  rel=\"bookmark\"><img loading=\"lazy\" decoding=\"async\" width=\"50\" height=\"50\" src=\"http:\/\/set-goblen.ro\/blog\/wp-content\/uploads\/2016\/01\/trandafiri-de-waldmuller-50x50.jpg\" class=\"arpw-thumbnail alignleft wp-post-image\" alt=\"Set Goblen &#8211; Trandafiri de Ferdinand Georg Waldmuller\" srcset=\"http:\/\/set-goblen.ro\/blog\/wp-content\/uploads\/2016\/01\/trandafiri-de-waldmuller-50x50.jpg 50w, http:\/\/set-goblen.ro\/blog\/wp-content\/uploads\/2016\/01\/trandafiri-de-waldmuller-150x150.jpg 150w\" sizes=\"(max-width: 50px) 100vw, 50px\" \/><\/a><a class=\"arpw-title\" href=\"http:\/\/set-goblen.ro\/blog\/set-goblen-trandafiri-de-ferdinand-georg-waldmuller\/\" title=\"Permalink to Set Goblen &#8211; Trandafiri de Ferdinand Georg Waldmuller\" rel=\"bookmark\">Set Goblen &#8211; Trandafiri de Ferdinand Georg Waldmuller<\/a><\/li><\/ul><\/div><!-- Generated by https:\/\/wordpress.org\/plugins\/advanced-random-posts-widget\/ -->------------\n<p>&nbsp;<\/p>\n","protected":false},"excerpt":{"rendered":"<div class=\"addtoany_share_save_container addtoany_content_top\"><div class=\"a2a_kit a2a_kit_size_32 addtoany_list a2a_target\" id=\"wpa2a_2\"><a class=\"a2a_button_facebook\" href=\"http:\/\/www.addtoany.com\/add_to\/facebook?linkurl=http%3A%2F%2Fset-goblen.ro%2Fblog%2Fset-goblen-trandafiri-de-ferdinand-georg-waldmuller%2F&amp;linkname=Set%20Goblen%20%E2%80%93%20Trandafiri%20de%20Ferdinand%20Georg%20Waldmuller\" title=\"Facebook\" rel=\"nofollow\" target=\"_blank\"><\/a><a class=\"a2a_button_twitter\" href=\"http:\/\/www.addtoany.com\/add_to\/twitter?linkurl=http%3A%2F%2Fset-goblen.ro%2Fblog%2Fset-goblen-trandafiri-de-ferdinand-georg-waldmuller%2F&amp;linkname=Set%20Goblen%20%E2%80%93%20Trandafiri%20de%20Ferdinand%20Georg%20Waldmuller\" title=\"Twitter\" rel=\"nofollow\" target=\"_blank\"><\/a><a class=\"a2a_button_google_plus\" href=\"http:\/\/www.addtoany.com\/add_to\/google_plus?linkurl=http%3A%2F%2Fset-goblen.ro%2Fblog%2Fset-goblen-trandafiri-de-ferdinand-georg-waldmuller%2F&amp;linkname=Set%20Goblen%20%E2%80%93%20Trandafiri%20de%20Ferdinand%20Georg%20Waldmuller\" title=\"Google+\" rel=\"nofollow\" target=\"_blank\"><\/a><a class=\"a2a_dd addtoany_share_save\" href=\"https:\/\/www.addtoany.com\/share_save\"><\/a><\/div><\/div><p>Dragi iubitori de goblen, avem pl\u0103cerea de a v\u0103 prezenta un nou kit goblen marca Set Goblen Rom\u00e2nia. Acest set goblen este realizat dup\u0103 faimoasa pictur\u0103 a lui Leonardo da Vinci, Mona Lisa. Mona Lisa\u00a0a fost \u0219i este \u00een continuare una dintre enigmele picturii moderne, la realizarea ei au fost folosite tehnici pe care cercet\u0103torii [&hellip;]<\/p>\n","protected":false},"author":1,"featured_media":717,"comment_status":"open","ping_status":"open","sticky":false,"template":"","format":"standard","meta":{"footnotes":""},"categories":[16],"tags":[],"_links":{"self":[{"href":"http:\/\/set-goblen.ro\/blog\/wp-json\/wp\/v2\/posts\/716"}],"collection":[{"href":"http:\/\/set-goblen.ro\/blog\/wp-json\/wp\/v2\/posts"}],"about":[{"href":"http:\/\/set-goblen.ro\/blog\/wp-json\/wp\/v2\/types\/post"}],"author":[{"embeddable":true,"href":"http:\/\/set-goblen.ro\/blog\/wp-json\/wp\/v2\/users\/1"}],"replies":[{"embeddable":true,"href":"http:\/\/set-goblen.ro\/blog\/wp-json\/wp\/v2\/comments?post=716"}],"version-history":[{"count":5,"href":"http:\/\/set-goblen.ro\/blog\/wp-json\/wp\/v2\/posts\/716\/revisions"}],"predecessor-version":[{"id":722,"href":"http:\/\/set-goblen.ro\/blog\/wp-json\/wp\/v2\/posts\/716\/revisions\/722"}],"wp:featuredmedia":[{"embeddable":true,"href":"http:\/\/set-goblen.ro\/blog\/wp-json\/wp\/v2\/media\/717"}],"wp:attachment":[{"href":"http:\/\/set-goblen.ro\/blog\/wp-json\/wp\/v2\/media?parent=716"}],"wp:term":[{"taxonomy":"category","embeddable":true,"href":"http:\/\/set-goblen.ro\/blog\/wp-json\/wp\/v2\/categories?post=716"},{"taxonomy":"post_tag","embeddable":true,"href":"http:\/\/set-goblen.ro\/blog\/wp-json\/wp\/v2\/tags?post=716"}],"curies":[{"name":"wp","href":"https:\/\/api.w.org\/{rel}","templated":true}]}}