{"id":845,"date":"2016-09-02T15:31:08","date_gmt":"2016-09-02T13:31:08","guid":{"rendered":"http:\/\/set-goblen.ro\/blog\/?p=845"},"modified":"2016-01-28T23:31:21","modified_gmt":"2016-01-28T21:31:21","slug":"kit-goblen-peisaj-de-toamna","status":"publish","type":"post","link":"http:\/\/set-goblen.ro\/blog\/kit-goblen-peisaj-de-toamna\/","title":{"rendered":"Kit goblen &#8211; Peisaj de toamna"},"content":{"rendered":"<div class=\"addtoany_share_save_container addtoany_content_top\"><div class=\"a2a_kit a2a_kit_size_32 addtoany_list a2a_target\" id=\"wpa2a_1\"><a class=\"a2a_button_facebook\" href=\"http:\/\/www.addtoany.com\/add_to\/facebook?linkurl=http%3A%2F%2Fset-goblen.ro%2Fblog%2Fgoblen-cusut-trandafiri-in-vas-de-argint%2F&amp;linkname=Goblen%20cusut%20%E2%80%93%20Trandafiri%20in%20vas%20de%20argint\" title=\"Facebook\" rel=\"nofollow\" target=\"_blank\"><\/a><a class=\"a2a_button_twitter\" href=\"http:\/\/www.addtoany.com\/add_to\/twitter?linkurl=http%3A%2F%2Fset-goblen.ro%2Fblog%2Fgoblen-cusut-trandafiri-in-vas-de-argint%2F&amp;linkname=Goblen%20cusut%20%E2%80%93%20Trandafiri%20in%20vas%20de%20argint\" title=\"Twitter\" rel=\"nofollow\" target=\"_blank\"><\/a><a class=\"a2a_button_google_plus\" href=\"http:\/\/www.addtoany.com\/add_to\/google_plus?linkurl=http%3A%2F%2Fset-goblen.ro%2Fblog%2Fgoblen-cusut-trandafiri-in-vas-de-argint%2F&amp;linkname=Goblen%20cusut%20%E2%80%93%20Trandafiri%20in%20vas%20de%20argint\" title=\"Google+\" rel=\"nofollow\" target=\"_blank\"><\/a><a class=\"a2a_dd addtoany_share_save\" href=\"https:\/\/www.addtoany.com\/share_save\"><\/a>\n<script type=\"text\/javascript\"><!--\nwpa2a.script_load();\n\/\/--><\/script>\n<\/div><\/div><p><a href=\"http:\/\/set-goblen.ro\/\" rel=\"attachment wp-att-577\"><img loading=\"lazy\" decoding=\"async\" class=\"size-medium wp-image-577 alignleft\" src=\"http:\/\/set-goblen.ro\/blog\/wp-content\/uploads\/2015\/09\/set-goblen.ro-PNGvectoriala_001-300x100.png\" alt=\"set-goblen.ro (PNG)vectoriala_001\" width=\"300\" height=\"100\" srcset=\"http:\/\/set-goblen.ro\/blog\/wp-content\/uploads\/2015\/09\/set-goblen.ro-PNGvectoriala_001-300x100.png 300w, http:\/\/set-goblen.ro\/blog\/wp-content\/uploads\/2015\/09\/set-goblen.ro-PNGvectoriala_001.png 584w\" sizes=\"(max-width: 300px) 100vw, 300px\" \/><\/a>Dragi cititori ai blogului nostru, \u00een acest articol v\u0103 prezent\u0103m un nou kit marca\u00a0<em><a href=\"http:\/\/set-goblen.ro\/\">Set Goblen Rom\u00e2nia<\/a>,\u00a0<\/em>numele acestuia este\u00a0<em><a href=\"http:\/\/set-goblen.ro\/peisaje\/4137-peisaj-de-toamna.html\">Peisaj de toamn\u0103<\/a>\u00a0<\/em>\u0219i poate fi g\u0103sit \u00een sec\u021biunea de\u00a0<em><a href=\"http:\/\/set-goblen.ro\/12-peisaje\">Peisaje<\/a>\u00a0<\/em>a website-ului nostru.<\/p>\n<p>Goblenul ne prezint\u0103 o moar\u0103 de ap\u0103 aflat\u0103 la marginea unui lac \u00eenconjurat de o p\u0103dure c\u0103r\u0103mizie. Laitmotivul goblenului este reprezentat de\u00a0<em>toamn\u0103,\u00a0<\/em>anotimpul care <em>picteaz\u0103<\/em>\u00a0cele mai interesante peisaje, cre\u00e2nd cel mai interesant mixaj de culori.<\/p>\n<p>&nbsp;<\/p>\n<p>&nbsp;<\/p>\n<p><a href=\"http:\/\/set-goblen.ro\/blog\/wp-content\/uploads\/2016\/01\/peisaj-de-toamna.jpg\" rel=\"attachment wp-att-846\"><img loading=\"lazy\" decoding=\"async\" class=\"aligncenter size-full wp-image-846\" src=\"http:\/\/set-goblen.ro\/blog\/wp-content\/uploads\/2016\/01\/peisaj-de-toamna.jpg\" alt=\"peisaj-de-toamna\" width=\"800\" height=\"688\" srcset=\"http:\/\/set-goblen.ro\/blog\/wp-content\/uploads\/2016\/01\/peisaj-de-toamna.jpg 800w, http:\/\/set-goblen.ro\/blog\/wp-content\/uploads\/2016\/01\/peisaj-de-toamna-300x258.jpg 300w, http:\/\/set-goblen.ro\/blog\/wp-content\/uploads\/2016\/01\/peisaj-de-toamna-768x660.jpg 768w\" sizes=\"(max-width: 800px) 100vw, 800px\" \/><\/a><\/p>\n<p>&nbsp;<\/p>\n<p>Toamna simbolizeaz\u0103 ajungerea la maturitate. Este sezonul abunden\u021bei \u0219i recoltelor bogate, tradi\u021bional fiind cea mai a\u0219teptat\u0103 perioad\u0103 a anului.<\/p>\n<p>Dac\u0103 toamna ar fi un c\u00e2ntec atunci aceasta ar fi un andante melancolic \u0219i gra\u021bios ce preg\u0103te\u0219te admirabil solemnul adagio al iernii.<\/p>\n<p>&nbsp;<\/p>\nCiteste si: <div class=\"arpw-random-post \"><ul class=\"arpw-ul\"><li class=\"arpw-li arpw-clearfix\"><a href=\"http:\/\/set-goblen.ro\/blog\/kit-goblen-fetita-visatoare\/\"  rel=\"bookmark\"><img loading=\"lazy\" decoding=\"async\" width=\"150\" height=\"150\" src=\"http:\/\/set-goblen.ro\/blog\/wp-content\/uploads\/2015\/07\/fetita-visatoare-de-jean-baptiste-greuze-150x150.jpg\" class=\"arpw-thumbnail alignleft wp-post-image\" alt=\"Kit Goblen &#8211; Feti\u021ba vis\u0103toare\" srcset=\"http:\/\/set-goblen.ro\/blog\/wp-content\/uploads\/2015\/07\/fetita-visatoare-de-jean-baptiste-greuze-150x150.jpg 150w, http:\/\/set-goblen.ro\/blog\/wp-content\/uploads\/2015\/07\/fetita-visatoare-de-jean-baptiste-greuze-300x300.jpg 300w, http:\/\/set-goblen.ro\/blog\/wp-content\/uploads\/2015\/07\/fetita-visatoare-de-jean-baptiste-greuze.jpg 600w\" sizes=\"(max-width: 150px) 100vw, 150px\" \/><\/a><a class=\"arpw-title\" href=\"http:\/\/set-goblen.ro\/blog\/kit-goblen-fetita-visatoare\/\" title=\"Permalink to Kit Goblen &#8211; Feti\u021ba vis\u0103toare\" rel=\"bookmark\">Kit Goblen &#8211; Feti\u021ba vis\u0103toare<\/a><\/li><\/ul><\/div><!-- Generated by https:\/\/wordpress.org\/plugins\/advanced-random-posts-widget\/ -->------------\n<p>&nbsp;<\/p>\n<p>\u00cen momentul \u00een care va fi finalizat,\u00a0goblenul\u00a0<em><a href=\"http:\/\/set-goblen.ro\/peisaje\/4137-peisaj-de-toamna.html\">Peisaj de toamn\u0103\u00a0<\/a><\/em>va avea 40 centimetri l\u0103\u021bime \u0219i 28 centimetri \u00een\u0103l\u021bime, iar la realizarea lui se folosesc 46 de nuan\u021be din paleta de culori\u00a0<em>Coats-Puppets.\u00a0<\/em><\/p>\n<p>Toate seturile noastre se realizeaz\u0103 dup\u0103 diagrame \u0219i con\u021bin toate elementele necesare realiz\u0103rii unor goblenuri de calitate.<\/p>\n<p>Kitul poate fi g\u0103sit pe website-ul nostru c\u0103ut\u00e2nd dup\u0103 codul 935 sau acces\u00e2nd urm\u0103toarea leg\u0103tur\u0103:\u00a0<em><a href=\"http:\/\/set-goblen.ro\/peisaje\/4137-peisaj-de-toamna.html\">Kit Goblen &#8211; Peisaj de toamn\u0103<\/a>.\u00a0<\/em><\/p>\n<p>Dac\u0103 ave\u021bi nel\u0103muriri sau dori\u021bi detalii suplimentare \u00een privin\u021ba kiturilor noastre v\u0103 rug\u0103m s\u0103 ne contacta\u021bi folosind adresa de email sau apel\u00e2nd numerele de telefon afi\u0219ate pe website-ul nostru.<\/p>\n<p>&nbsp;<\/p>\nCite\u0219te \u0219i: <div class=\"arpw-random-post \"><ul class=\"arpw-ul\"><li class=\"arpw-li arpw-clearfix\"><a href=\"http:\/\/set-goblen.ro\/blog\/kit-goblen-iarna-la-tara-2\/\"  rel=\"bookmark\"><img loading=\"lazy\" decoding=\"async\" width=\"50\" height=\"50\" src=\"http:\/\/set-goblen.ro\/blog\/wp-content\/uploads\/2016\/01\/iarna-la-tara-de-edward-herbert-50x50.jpg\" class=\"arpw-thumbnail alignleft wp-post-image\" alt=\"Kit Goblen &#8211; Iarna la \u021bar\u0103\" srcset=\"http:\/\/set-goblen.ro\/blog\/wp-content\/uploads\/2016\/01\/iarna-la-tara-de-edward-herbert-50x50.jpg 50w, http:\/\/set-goblen.ro\/blog\/wp-content\/uploads\/2016\/01\/iarna-la-tara-de-edward-herbert-150x150.jpg 150w, http:\/\/set-goblen.ro\/blog\/wp-content\/uploads\/2016\/01\/iarna-la-tara-de-edward-herbert-300x300.jpg 300w, http:\/\/set-goblen.ro\/blog\/wp-content\/uploads\/2016\/01\/iarna-la-tara-de-edward-herbert-768x768.jpg 768w, http:\/\/set-goblen.ro\/blog\/wp-content\/uploads\/2016\/01\/iarna-la-tara-de-edward-herbert.jpg 800w\" sizes=\"(max-width: 50px) 100vw, 50px\" \/><\/a><a class=\"arpw-title\" href=\"http:\/\/set-goblen.ro\/blog\/kit-goblen-iarna-la-tara-2\/\" title=\"Permalink to Kit Goblen &#8211; Iarna la \u021bar\u0103\" rel=\"bookmark\">Kit Goblen &#8211; Iarna la \u021bar\u0103<\/a><\/li><li class=\"arpw-li arpw-clearfix\"><a href=\"http:\/\/set-goblen.ro\/blog\/goblen-cusut-summer-rose\/\"  rel=\"bookmark\"><img loading=\"lazy\" decoding=\"async\" width=\"39\" height=\"50\" src=\"http:\/\/set-goblen.ro\/blog\/wp-content\/uploads\/2015\/04\/SR.jpg\" class=\"arpw-thumbnail alignleft wp-post-image\" alt=\"Goblen Cusut &#8211; Summer Rose\" srcset=\"http:\/\/set-goblen.ro\/blog\/wp-content\/uploads\/2015\/04\/SR.jpg 576w, http:\/\/set-goblen.ro\/blog\/wp-content\/uploads\/2015\/04\/SR-234x300.jpg 234w\" sizes=\"(max-width: 39px) 100vw, 39px\" \/><\/a><a class=\"arpw-title\" href=\"http:\/\/set-goblen.ro\/blog\/goblen-cusut-summer-rose\/\" title=\"Permalink to Goblen Cusut &#8211; Summer Rose\" rel=\"bookmark\">Goblen Cusut &#8211; Summer Rose<\/a><\/li><li class=\"arpw-li arpw-clearfix\"><a href=\"http:\/\/set-goblen.ro\/blog\/set-goblen-portrait-dune-jeune-femme\/\"  rel=\"bookmark\"><img loading=\"lazy\" decoding=\"async\" width=\"50\" height=\"50\" src=\"http:\/\/set-goblen.ro\/blog\/wp-content\/uploads\/2016\/01\/portrait-d-une-jeune-femme-50x50.jpg\" class=\"arpw-thumbnail alignleft wp-post-image\" alt=\"Set Goblen &#8211; Portrait d&#8217;une jeune femme\" srcset=\"http:\/\/set-goblen.ro\/blog\/wp-content\/uploads\/2016\/01\/portrait-d-une-jeune-femme-50x50.jpg 50w, http:\/\/set-goblen.ro\/blog\/wp-content\/uploads\/2016\/01\/portrait-d-une-jeune-femme-150x150.jpg 150w\" sizes=\"(max-width: 50px) 100vw, 50px\" \/><\/a><a class=\"arpw-title\" href=\"http:\/\/set-goblen.ro\/blog\/set-goblen-portrait-dune-jeune-femme\/\" title=\"Permalink to Set Goblen &#8211; Portrait d&#8217;une jeune femme\" rel=\"bookmark\">Set Goblen &#8211; Portrait d&#8217;une jeune femme<\/a><\/li><li class=\"arpw-li arpw-clearfix\"><a href=\"http:\/\/set-goblen.ro\/blog\/goblen-cusut-fata-cu-trandafiri-2\/\"  rel=\"bookmark\"><img loading=\"lazy\" decoding=\"async\" width=\"38\" height=\"50\" src=\"http:\/\/set-goblen.ro\/blog\/wp-content\/uploads\/2015\/09\/HPIM2529_001.jpg\" class=\"arpw-thumbnail alignleft wp-post-image\" alt=\"Goblen cusut &#8211; Fata cu Trandafiri\" srcset=\"http:\/\/set-goblen.ro\/blog\/wp-content\/uploads\/2015\/09\/HPIM2529_001.jpg 1305w, http:\/\/set-goblen.ro\/blog\/wp-content\/uploads\/2015\/09\/HPIM2529_001-225x300.jpg 225w, http:\/\/set-goblen.ro\/blog\/wp-content\/uploads\/2015\/09\/HPIM2529_001-769x1024.jpg 769w\" sizes=\"(max-width: 38px) 100vw, 38px\" \/><\/a><a class=\"arpw-title\" href=\"http:\/\/set-goblen.ro\/blog\/goblen-cusut-fata-cu-trandafiri-2\/\" title=\"Permalink to Goblen cusut &#8211; Fata cu Trandafiri\" rel=\"bookmark\">Goblen cusut &#8211; Fata cu Trandafiri<\/a><\/li><li class=\"arpw-li arpw-clearfix\"><a href=\"http:\/\/set-goblen.ro\/blog\/goblen-cusut-trandafiri-in-vas-de-argint\/\"  rel=\"bookmark\"><img loading=\"lazy\" decoding=\"async\" width=\"47\" height=\"50\" src=\"http:\/\/set-goblen.ro\/blog\/wp-content\/uploads\/2014\/02\/Fata-goblen.jpg\" class=\"arpw-thumbnail alignleft wp-post-image\" alt=\"Goblen cusut &#8211; Trandafiri in vas de argint\" srcset=\"http:\/\/set-goblen.ro\/blog\/wp-content\/uploads\/2014\/02\/Fata-goblen.jpg 750w, http:\/\/set-goblen.ro\/blog\/wp-content\/uploads\/2014\/02\/Fata-goblen-279x300.jpg 279w\" sizes=\"(max-width: 47px) 100vw, 47px\" \/><\/a><a class=\"arpw-title\" href=\"http:\/\/set-goblen.ro\/blog\/goblen-cusut-trandafiri-in-vas-de-argint\/\" title=\"Permalink to Goblen cusut &#8211; Trandafiri in vas de argint\" rel=\"bookmark\">Goblen cusut &#8211; Trandafiri in vas de argint<\/a><\/li><\/ul><\/div><!-- Generated by https:\/\/wordpress.org\/plugins\/advanced-random-posts-widget\/ -->------------\n","protected":false},"excerpt":{"rendered":"<div class=\"addtoany_share_save_container addtoany_content_top\"><div class=\"a2a_kit a2a_kit_size_32 addtoany_list a2a_target\" id=\"wpa2a_2\"><a class=\"a2a_button_facebook\" href=\"http:\/\/www.addtoany.com\/add_to\/facebook?linkurl=http%3A%2F%2Fset-goblen.ro%2Fblog%2Fgoblen-cusut-trandafiri-in-vas-de-argint%2F&amp;linkname=Goblen%20cusut%20%E2%80%93%20Trandafiri%20in%20vas%20de%20argint\" title=\"Facebook\" rel=\"nofollow\" target=\"_blank\"><\/a><a class=\"a2a_button_twitter\" href=\"http:\/\/www.addtoany.com\/add_to\/twitter?linkurl=http%3A%2F%2Fset-goblen.ro%2Fblog%2Fgoblen-cusut-trandafiri-in-vas-de-argint%2F&amp;linkname=Goblen%20cusut%20%E2%80%93%20Trandafiri%20in%20vas%20de%20argint\" title=\"Twitter\" rel=\"nofollow\" target=\"_blank\"><\/a><a class=\"a2a_button_google_plus\" href=\"http:\/\/www.addtoany.com\/add_to\/google_plus?linkurl=http%3A%2F%2Fset-goblen.ro%2Fblog%2Fgoblen-cusut-trandafiri-in-vas-de-argint%2F&amp;linkname=Goblen%20cusut%20%E2%80%93%20Trandafiri%20in%20vas%20de%20argint\" title=\"Google+\" rel=\"nofollow\" target=\"_blank\"><\/a><a class=\"a2a_dd addtoany_share_save\" href=\"https:\/\/www.addtoany.com\/share_save\"><\/a><\/div><\/div><p>Dragi cititori ai blogului nostru, \u00een acest articol v\u0103 prezent\u0103m un nou kit marca\u00a0Set Goblen Rom\u00e2nia,\u00a0numele acestuia este\u00a0Peisaj de toamn\u0103\u00a0\u0219i poate fi g\u0103sit \u00een sec\u021biunea de\u00a0Peisaje\u00a0a website-ului nostru. Goblenul ne prezint\u0103 o moar\u0103 de ap\u0103 aflat\u0103 la marginea unui lac \u00eenconjurat de o p\u0103dure c\u0103r\u0103mizie. Laitmotivul goblenului este reprezentat de\u00a0toamn\u0103,\u00a0anotimpul care picteaz\u0103\u00a0cele mai interesante peisaje, [&hellip;]<\/p>\n","protected":false},"author":1,"featured_media":846,"comment_status":"open","ping_status":"open","sticky":false,"template":"","format":"standard","meta":{"footnotes":""},"categories":[16],"tags":[],"_links":{"self":[{"href":"http:\/\/set-goblen.ro\/blog\/wp-json\/wp\/v2\/posts\/845"}],"collection":[{"href":"http:\/\/set-goblen.ro\/blog\/wp-json\/wp\/v2\/posts"}],"about":[{"href":"http:\/\/set-goblen.ro\/blog\/wp-json\/wp\/v2\/types\/post"}],"author":[{"embeddable":true,"href":"http:\/\/set-goblen.ro\/blog\/wp-json\/wp\/v2\/users\/1"}],"replies":[{"embeddable":true,"href":"http:\/\/set-goblen.ro\/blog\/wp-json\/wp\/v2\/comments?post=845"}],"version-history":[{"count":2,"href":"http:\/\/set-goblen.ro\/blog\/wp-json\/wp\/v2\/posts\/845\/revisions"}],"predecessor-version":[{"id":848,"href":"http:\/\/set-goblen.ro\/blog\/wp-json\/wp\/v2\/posts\/845\/revisions\/848"}],"wp:featuredmedia":[{"embeddable":true,"href":"http:\/\/set-goblen.ro\/blog\/wp-json\/wp\/v2\/media\/846"}],"wp:attachment":[{"href":"http:\/\/set-goblen.ro\/blog\/wp-json\/wp\/v2\/media?parent=845"}],"wp:term":[{"taxonomy":"category","embeddable":true,"href":"http:\/\/set-goblen.ro\/blog\/wp-json\/wp\/v2\/categories?post=845"},{"taxonomy":"post_tag","embeddable":true,"href":"http:\/\/set-goblen.ro\/blog\/wp-json\/wp\/v2\/tags?post=845"}],"curies":[{"name":"wp","href":"https:\/\/api.w.org\/{rel}","templated":true}]}}