{"id":853,"date":"2016-05-06T15:18:37","date_gmt":"2016-05-06T13:18:37","guid":{"rendered":"http:\/\/set-goblen.ro\/blog\/?p=853"},"modified":"2016-01-28T23:18:55","modified_gmt":"2016-01-28T21:18:55","slug":"kit-goblen-vas-cu-trandafiri","status":"publish","type":"post","link":"http:\/\/set-goblen.ro\/blog\/kit-goblen-vas-cu-trandafiri\/","title":{"rendered":"Kit goblen &#8211; Vas cu Trandafiri"},"content":{"rendered":"<div class=\"addtoany_share_save_container addtoany_content_top\"><div class=\"a2a_kit a2a_kit_size_32 addtoany_list a2a_target\" id=\"wpa2a_1\"><a class=\"a2a_button_facebook\" href=\"http:\/\/www.addtoany.com\/add_to\/facebook?linkurl=http%3A%2F%2Fset-goblen.ro%2Fblog%2Fgoblen-cusut-flori-de-primavara%2F&amp;linkname=Goblen%20Cusut%20%E2%80%93%20Flori%20de%20Primavara\" title=\"Facebook\" rel=\"nofollow\" target=\"_blank\"><\/a><a class=\"a2a_button_twitter\" href=\"http:\/\/www.addtoany.com\/add_to\/twitter?linkurl=http%3A%2F%2Fset-goblen.ro%2Fblog%2Fgoblen-cusut-flori-de-primavara%2F&amp;linkname=Goblen%20Cusut%20%E2%80%93%20Flori%20de%20Primavara\" title=\"Twitter\" rel=\"nofollow\" target=\"_blank\"><\/a><a class=\"a2a_button_google_plus\" href=\"http:\/\/www.addtoany.com\/add_to\/google_plus?linkurl=http%3A%2F%2Fset-goblen.ro%2Fblog%2Fgoblen-cusut-flori-de-primavara%2F&amp;linkname=Goblen%20Cusut%20%E2%80%93%20Flori%20de%20Primavara\" title=\"Google+\" rel=\"nofollow\" target=\"_blank\"><\/a><a class=\"a2a_dd addtoany_share_save\" href=\"https:\/\/www.addtoany.com\/share_save\"><\/a>\n<script type=\"text\/javascript\"><!--\nwpa2a.script_load();\n\/\/--><\/script>\n<\/div><\/div><p><a href=\"http:\/\/set-goblen.ro\/\" rel=\"attachment wp-att-577\"><img loading=\"lazy\" decoding=\"async\" class=\"size-medium wp-image-577 alignleft\" src=\"http:\/\/set-goblen.ro\/blog\/wp-content\/uploads\/2015\/09\/set-goblen.ro-PNGvectoriala_001-300x100.png\" alt=\"set-goblen.ro (PNG)vectoriala_001\" width=\"300\" height=\"100\" srcset=\"http:\/\/set-goblen.ro\/blog\/wp-content\/uploads\/2015\/09\/set-goblen.ro-PNGvectoriala_001-300x100.png 300w, http:\/\/set-goblen.ro\/blog\/wp-content\/uploads\/2015\/09\/set-goblen.ro-PNGvectoriala_001.png 584w\" sizes=\"(max-width: 300px) 100vw, 300px\" \/><\/a>\u00cen acest articol v\u0103 prezent\u0103m un nou set goblen marca\u00a0<em><a href=\"http:\/\/set-goblen.ro\/\">Set Goblen Rom\u00e2nia<\/a>,\u00a0<\/em>numele acestuia este\u00a0<em><a href=\"http:\/\/set-goblen.ro\/flori\/4150-vas-cu-trandafiri-de-paul-de-longpre.html\">Vas cu trandafiri<\/a>,\u00a0<\/em>\u0219i poate fi g\u0103sit \u00een sec\u021biunea de\u00a0<em><a href=\"http:\/\/set-goblen.ro\/13-flori\">Flori\u00a0<\/a><\/em>a website-ului nostru.<\/p>\n<p>Kitul goblen\u00a0<em><a href=\"http:\/\/set-goblen.ro\/flori\/4150-vas-cu-trandafiri-de-paul-de-longpre.html\">Vas cu trandafiri<\/a>\u00a0<\/em>a fost creat dup\u0103 o pictur\u0103 realizat\u0103 de\u00a0<em><a href=\"https:\/\/en.wikipedia.org\/wiki\/Paul_de_Longpr%C3%A9\" target=\"_blank\">Paul De Longpre<\/a><\/em>, pictor francez ce a tr\u0103it \u00eentre 1855 \u0219i 1911. De Longpre s-a n\u0103scut \u00een Lyon, Fran\u021ba \u0219i a devenit pictor prin auto-instruire, acesta a reu\u0219it s\u0103 \u00eembine talentul s\u0103u cu pictura \u0219tiin\u021bific\u0103, operele sale prezent\u00e2nd un nivel de detaliu foarte avansat pentru perioada\u00a0respectiv\u0103.<\/p>\n<p>&nbsp;<\/p>\n<p><a href=\"http:\/\/set-goblen.ro\/blog\/wp-content\/uploads\/2016\/01\/vas-cu-trandafiri-de-paul-de-longpre.jpg\" rel=\"attachment wp-att-854\"><img loading=\"lazy\" decoding=\"async\" class=\"aligncenter size-full wp-image-854\" src=\"http:\/\/set-goblen.ro\/blog\/wp-content\/uploads\/2016\/01\/vas-cu-trandafiri-de-paul-de-longpre.jpg\" alt=\"vas-cu-trandafiri-de-paul-de-longpre\" width=\"435\" height=\"800\" srcset=\"http:\/\/set-goblen.ro\/blog\/wp-content\/uploads\/2016\/01\/vas-cu-trandafiri-de-paul-de-longpre.jpg 435w, http:\/\/set-goblen.ro\/blog\/wp-content\/uploads\/2016\/01\/vas-cu-trandafiri-de-paul-de-longpre-163x300.jpg 163w\" sizes=\"(max-width: 435px) 100vw, 435px\" \/><\/a><\/p>\n<p>&nbsp;<\/p>\n<p>Pierz\u00e2ndu-\u0219i majoritatea banilor din cauza\u00a0falimentului unei b\u0103nci locale, De Longpre s-a hot\u0103r\u00e2t s\u0103 emigreze \u00een Statele Unite, \u00een Los Angeles, aici a avut norocul s\u0103 fie descoperit de Daeida Wilcox \u0219i H.H. Wilcox, doi dintre fondatorii Hollywood-ului, ace\u0219tia dorind s\u0103 atrag\u0103 cultura la mod\u0103 \u00een ora\u0219ul lor au decis s\u0103 \u00eei ofere\u00a0lui De Longre o cas\u0103 \u00een care acesta s\u0103 locuiasc\u0103 \u00eempreun\u0103 cu familia sa, iar o anexa a acelei case a fost transformat\u0103 \u00eentr-o galerie de art\u0103 \u00een care De Longre \u00ee\u0219i expunea noile lucr\u0103rile, acestea c\u0103p\u0103t\u00e2nd notorietate foarte repede datorit\u0103 dezvolt\u0103rii accelerate a Hollywood-ului.<\/p>\n<p>&nbsp;<\/p>\nCiteste si: <div class=\"arpw-random-post \"><ul class=\"arpw-ul\"><li class=\"arpw-li arpw-clearfix\"><a href=\"http:\/\/set-goblen.ro\/blog\/set-goblen-portrait-dune-jeune-femme\/\"  rel=\"bookmark\"><img loading=\"lazy\" decoding=\"async\" width=\"150\" height=\"150\" src=\"http:\/\/set-goblen.ro\/blog\/wp-content\/uploads\/2016\/01\/portrait-d-une-jeune-femme-150x150.jpg\" class=\"arpw-thumbnail alignleft wp-post-image\" alt=\"Set Goblen &#8211; Portrait d&#8217;une jeune femme\" srcset=\"http:\/\/set-goblen.ro\/blog\/wp-content\/uploads\/2016\/01\/portrait-d-une-jeune-femme-150x150.jpg 150w, http:\/\/set-goblen.ro\/blog\/wp-content\/uploads\/2016\/01\/portrait-d-une-jeune-femme-50x50.jpg 50w\" sizes=\"(max-width: 150px) 100vw, 150px\" \/><\/a><a class=\"arpw-title\" href=\"http:\/\/set-goblen.ro\/blog\/set-goblen-portrait-dune-jeune-femme\/\" title=\"Permalink to Set Goblen &#8211; Portrait d&#8217;une jeune femme\" rel=\"bookmark\">Set Goblen &#8211; Portrait d&#8217;une jeune femme<\/a><\/li><\/ul><\/div><!-- Generated by https:\/\/wordpress.org\/plugins\/advanced-random-posts-widget\/ -->------------\n<p>&nbsp;<\/p>\n<p>Pe o parte a locului pe care se afla casa lui De Longpre se afl\u0103 acum Bulevardul Hollywood, iar \u00een cinstea acestuia, o strad\u0103 \u0219i un parc din Hollywood \u00eei poart\u0103 numele.<\/p>\n<p>Kitul goblen\u00a0<em><a href=\"http:\/\/set-goblen.ro\/flori\/4150-vas-cu-trandafiri-de-paul-de-longpre.html\">Vas cu trandafiri<\/a>\u00a0<\/em>are dimensiunea 25 x 37,7 centimetri, iar la realizarea acestuia se folosesc 61 de nuan\u021be din paleta de culori Coats-Puppets.<\/p>\n<p>Pute\u021bi g\u0103si acest kit <a href=\"https:\/\/ro.wikipedia.org\/wiki\/Goblen\" target=\"_blank\">goblen <\/a>pe website-ul nostru c\u0103ut\u00e2nd codul 727 sau acces\u00e2nd urm\u0103toarea leg\u0103tur\u0103:\u00a0<em><a href=\"http:\/\/set-goblen.ro\/flori\/4150-vas-cu-trandafiri-de-paul-de-longpre.html\">Kit Goblen &#8211; Vas cu Trandafiri<\/a>.<\/em><\/p>\n<p>Dac\u0103 ave\u021bi nel\u0103muriri sau dori\u021bi detalii suplimentare, v\u0103 rug\u0103m s\u0103 ne contacta\u021bi folosind adresa de email sau apel\u00e2nd numerele de telefon afi\u0219ate pe website-ul nostru.<\/p>\n<p>&nbsp;<\/p>\nCite\u0219te \u0219i: <div class=\"arpw-random-post \"><ul class=\"arpw-ul\"><li class=\"arpw-li arpw-clearfix\"><a href=\"http:\/\/set-goblen.ro\/blog\/kit-goblen-bol-cu-trandafiri\/\"  rel=\"bookmark\"><img loading=\"lazy\" decoding=\"async\" width=\"50\" height=\"50\" src=\"http:\/\/set-goblen.ro\/blog\/wp-content\/uploads\/2015\/07\/bol-cu-trandafiri1.jpg\" class=\"arpw-thumbnail alignleft wp-post-image\" alt=\"Kit goblen &#8211; Bol cu Trandafiri\" srcset=\"http:\/\/set-goblen.ro\/blog\/wp-content\/uploads\/2015\/07\/bol-cu-trandafiri1.jpg 600w, http:\/\/set-goblen.ro\/blog\/wp-content\/uploads\/2015\/07\/bol-cu-trandafiri1-150x150.jpg 150w, http:\/\/set-goblen.ro\/blog\/wp-content\/uploads\/2015\/07\/bol-cu-trandafiri1-300x300.jpg 300w\" sizes=\"(max-width: 50px) 100vw, 50px\" \/><\/a><a class=\"arpw-title\" href=\"http:\/\/set-goblen.ro\/blog\/kit-goblen-bol-cu-trandafiri\/\" title=\"Permalink to Kit goblen &#8211; Bol cu Trandafiri\" rel=\"bookmark\">Kit goblen &#8211; Bol cu Trandafiri<\/a><\/li><li class=\"arpw-li arpw-clearfix\"><a href=\"http:\/\/set-goblen.ro\/blog\/kit-goblen-cosulet-cu-trandafiri\/\"  rel=\"bookmark\"><img loading=\"lazy\" decoding=\"async\" width=\"50\" height=\"50\" src=\"http:\/\/set-goblen.ro\/blog\/wp-content\/uploads\/2016\/01\/cosulet-cu-trandafiri-de-jensen-50x50.jpg\" class=\"arpw-thumbnail alignleft wp-post-image\" alt=\"Kit goblen &#8211; Co\u0219ule\u021b cu trandafiri\" srcset=\"http:\/\/set-goblen.ro\/blog\/wp-content\/uploads\/2016\/01\/cosulet-cu-trandafiri-de-jensen-50x50.jpg 50w, http:\/\/set-goblen.ro\/blog\/wp-content\/uploads\/2016\/01\/cosulet-cu-trandafiri-de-jensen-150x150.jpg 150w, http:\/\/set-goblen.ro\/blog\/wp-content\/uploads\/2016\/01\/cosulet-cu-trandafiri-de-jensen-300x300.jpg 300w, http:\/\/set-goblen.ro\/blog\/wp-content\/uploads\/2016\/01\/cosulet-cu-trandafiri-de-jensen-768x768.jpg 768w, http:\/\/set-goblen.ro\/blog\/wp-content\/uploads\/2016\/01\/cosulet-cu-trandafiri-de-jensen.jpg 800w\" sizes=\"(max-width: 50px) 100vw, 50px\" \/><\/a><a class=\"arpw-title\" href=\"http:\/\/set-goblen.ro\/blog\/kit-goblen-cosulet-cu-trandafiri\/\" title=\"Permalink to Kit goblen &#8211; Co\u0219ule\u021b cu trandafiri\" rel=\"bookmark\">Kit goblen &#8211; Co\u0219ule\u021b cu trandafiri<\/a><\/li><li class=\"arpw-li arpw-clearfix\"><a href=\"http:\/\/set-goblen.ro\/blog\/kit-goblen-iarna-la-tara\/\"  rel=\"bookmark\"><img loading=\"lazy\" decoding=\"async\" width=\"50\" height=\"50\" src=\"http:\/\/set-goblen.ro\/blog\/wp-content\/uploads\/2016\/01\/iarna-la-tara-50x50.jpg\" class=\"arpw-thumbnail alignleft wp-post-image\" alt=\"Kit Goblen &#8211; Iarna la \u021bar\u0103\" srcset=\"http:\/\/set-goblen.ro\/blog\/wp-content\/uploads\/2016\/01\/iarna-la-tara-50x50.jpg 50w, http:\/\/set-goblen.ro\/blog\/wp-content\/uploads\/2016\/01\/iarna-la-tara-150x150.jpg 150w, http:\/\/set-goblen.ro\/blog\/wp-content\/uploads\/2016\/01\/iarna-la-tara-300x300.jpg 300w, http:\/\/set-goblen.ro\/blog\/wp-content\/uploads\/2016\/01\/iarna-la-tara-768x768.jpg 768w, http:\/\/set-goblen.ro\/blog\/wp-content\/uploads\/2016\/01\/iarna-la-tara.jpg 800w\" sizes=\"(max-width: 50px) 100vw, 50px\" \/><\/a><a class=\"arpw-title\" href=\"http:\/\/set-goblen.ro\/blog\/kit-goblen-iarna-la-tara\/\" title=\"Permalink to Kit Goblen &#8211; Iarna la \u021bar\u0103\" rel=\"bookmark\">Kit Goblen &#8211; Iarna la \u021bar\u0103<\/a><\/li><li class=\"arpw-li arpw-clearfix\"><a href=\"http:\/\/set-goblen.ro\/blog\/goblen-cusut-armonie-cu-maci\/\"  rel=\"bookmark\"><img loading=\"lazy\" decoding=\"async\" width=\"50\" height=\"38\" src=\"http:\/\/set-goblen.ro\/blog\/wp-content\/uploads\/2015\/09\/DSCF0600.jpg\" class=\"arpw-thumbnail alignleft wp-post-image\" alt=\"Goblen Cusut &#8211; Armonie cu maci\" srcset=\"http:\/\/set-goblen.ro\/blog\/wp-content\/uploads\/2015\/09\/DSCF0600.jpg 1728w, http:\/\/set-goblen.ro\/blog\/wp-content\/uploads\/2015\/09\/DSCF0600-300x225.jpg 300w, http:\/\/set-goblen.ro\/blog\/wp-content\/uploads\/2015\/09\/DSCF0600-1024x768.jpg 1024w\" sizes=\"(max-width: 50px) 100vw, 50px\" \/><\/a><a class=\"arpw-title\" href=\"http:\/\/set-goblen.ro\/blog\/goblen-cusut-armonie-cu-maci\/\" title=\"Permalink to Goblen Cusut &#8211; Armonie cu maci\" rel=\"bookmark\">Goblen Cusut &#8211; Armonie cu maci<\/a><\/li><li class=\"arpw-li arpw-clearfix\"><a href=\"http:\/\/set-goblen.ro\/blog\/goblen-cusut-flori-de-primavara\/\"  rel=\"bookmark\"><img loading=\"lazy\" decoding=\"async\" width=\"46\" height=\"50\" src=\"http:\/\/set-goblen.ro\/blog\/wp-content\/uploads\/2014\/08\/goblen-Flori-de-Primavara.jpg\" class=\"arpw-thumbnail alignleft wp-post-image\" alt=\"Goblen Cusut &#8211; Flori de Primavara\" srcset=\"http:\/\/set-goblen.ro\/blog\/wp-content\/uploads\/2014\/08\/goblen-Flori-de-Primavara.jpg 750w, http:\/\/set-goblen.ro\/blog\/wp-content\/uploads\/2014\/08\/goblen-Flori-de-Primavara-274x300.jpg 274w\" sizes=\"(max-width: 46px) 100vw, 46px\" \/><\/a><a class=\"arpw-title\" href=\"http:\/\/set-goblen.ro\/blog\/goblen-cusut-flori-de-primavara\/\" title=\"Permalink to Goblen Cusut &#8211; Flori de Primavara\" rel=\"bookmark\">Goblen Cusut &#8211; Flori de Primavara<\/a><\/li><\/ul><\/div><!-- Generated by https:\/\/wordpress.org\/plugins\/advanced-random-posts-widget\/ -->------------\n","protected":false},"excerpt":{"rendered":"<div class=\"addtoany_share_save_container addtoany_content_top\"><div class=\"a2a_kit a2a_kit_size_32 addtoany_list a2a_target\" id=\"wpa2a_2\"><a class=\"a2a_button_facebook\" href=\"http:\/\/www.addtoany.com\/add_to\/facebook?linkurl=http%3A%2F%2Fset-goblen.ro%2Fblog%2Fgoblen-cusut-flori-de-primavara%2F&amp;linkname=Goblen%20Cusut%20%E2%80%93%20Flori%20de%20Primavara\" title=\"Facebook\" rel=\"nofollow\" target=\"_blank\"><\/a><a class=\"a2a_button_twitter\" href=\"http:\/\/www.addtoany.com\/add_to\/twitter?linkurl=http%3A%2F%2Fset-goblen.ro%2Fblog%2Fgoblen-cusut-flori-de-primavara%2F&amp;linkname=Goblen%20Cusut%20%E2%80%93%20Flori%20de%20Primavara\" title=\"Twitter\" rel=\"nofollow\" target=\"_blank\"><\/a><a class=\"a2a_button_google_plus\" href=\"http:\/\/www.addtoany.com\/add_to\/google_plus?linkurl=http%3A%2F%2Fset-goblen.ro%2Fblog%2Fgoblen-cusut-flori-de-primavara%2F&amp;linkname=Goblen%20Cusut%20%E2%80%93%20Flori%20de%20Primavara\" title=\"Google+\" rel=\"nofollow\" target=\"_blank\"><\/a><a class=\"a2a_dd addtoany_share_save\" href=\"https:\/\/www.addtoany.com\/share_save\"><\/a><\/div><\/div><p>\u00cen acest articol v\u0103 prezent\u0103m un nou set goblen marca\u00a0Set Goblen Rom\u00e2nia,\u00a0numele acestuia este\u00a0Vas cu trandafiri,\u00a0\u0219i poate fi g\u0103sit \u00een sec\u021biunea de\u00a0Flori\u00a0a website-ului nostru. Kitul goblen\u00a0Vas cu trandafiri\u00a0a fost creat dup\u0103 o pictur\u0103 realizat\u0103 de\u00a0Paul De Longpre, pictor francez ce a tr\u0103it \u00eentre 1855 \u0219i 1911. De Longpre s-a n\u0103scut \u00een Lyon, Fran\u021ba \u0219i a [&hellip;]<\/p>\n","protected":false},"author":1,"featured_media":854,"comment_status":"open","ping_status":"open","sticky":false,"template":"","format":"standard","meta":{"footnotes":""},"categories":[16],"tags":[],"_links":{"self":[{"href":"http:\/\/set-goblen.ro\/blog\/wp-json\/wp\/v2\/posts\/853"}],"collection":[{"href":"http:\/\/set-goblen.ro\/blog\/wp-json\/wp\/v2\/posts"}],"about":[{"href":"http:\/\/set-goblen.ro\/blog\/wp-json\/wp\/v2\/types\/post"}],"author":[{"embeddable":true,"href":"http:\/\/set-goblen.ro\/blog\/wp-json\/wp\/v2\/users\/1"}],"replies":[{"embeddable":true,"href":"http:\/\/set-goblen.ro\/blog\/wp-json\/wp\/v2\/comments?post=853"}],"version-history":[{"count":2,"href":"http:\/\/set-goblen.ro\/blog\/wp-json\/wp\/v2\/posts\/853\/revisions"}],"predecessor-version":[{"id":856,"href":"http:\/\/set-goblen.ro\/blog\/wp-json\/wp\/v2\/posts\/853\/revisions\/856"}],"wp:featuredmedia":[{"embeddable":true,"href":"http:\/\/set-goblen.ro\/blog\/wp-json\/wp\/v2\/media\/854"}],"wp:attachment":[{"href":"http:\/\/set-goblen.ro\/blog\/wp-json\/wp\/v2\/media?parent=853"}],"wp:term":[{"taxonomy":"category","embeddable":true,"href":"http:\/\/set-goblen.ro\/blog\/wp-json\/wp\/v2\/categories?post=853"},{"taxonomy":"post_tag","embeddable":true,"href":"http:\/\/set-goblen.ro\/blog\/wp-json\/wp\/v2\/tags?post=853"}],"curies":[{"name":"wp","href":"https:\/\/api.w.org\/{rel}","templated":true}]}}