{"id":887,"date":"2016-09-09T15:31:38","date_gmt":"2016-09-09T13:31:38","guid":{"rendered":"http:\/\/set-goblen.ro\/blog\/?p=887"},"modified":"2016-01-28T23:31:57","modified_gmt":"2016-01-28T21:31:57","slug":"set-goblen-trandafiri-de-jean-frans-van-dael","status":"publish","type":"post","link":"http:\/\/set-goblen.ro\/blog\/set-goblen-trandafiri-de-jean-frans-van-dael\/","title":{"rendered":"Set Goblen &#8211; Trandafiri de Jean Frans van Dael"},"content":{"rendered":"<div class=\"addtoany_share_save_container addtoany_content_top\"><div class=\"a2a_kit a2a_kit_size_32 addtoany_list a2a_target\" id=\"wpa2a_1\"><a class=\"a2a_button_facebook\" href=\"http:\/\/www.addtoany.com\/add_to\/facebook?linkurl=http%3A%2F%2Fset-goblen.ro%2Fblog%2Fkit-goblen-portrait-de-jeune-fille%2F&amp;linkname=Kit%20Goblen%20%E2%80%93%20Portrait%20de%20jeune%20fille\" title=\"Facebook\" rel=\"nofollow\" target=\"_blank\"><\/a><a class=\"a2a_button_twitter\" href=\"http:\/\/www.addtoany.com\/add_to\/twitter?linkurl=http%3A%2F%2Fset-goblen.ro%2Fblog%2Fkit-goblen-portrait-de-jeune-fille%2F&amp;linkname=Kit%20Goblen%20%E2%80%93%20Portrait%20de%20jeune%20fille\" title=\"Twitter\" rel=\"nofollow\" target=\"_blank\"><\/a><a class=\"a2a_button_google_plus\" href=\"http:\/\/www.addtoany.com\/add_to\/google_plus?linkurl=http%3A%2F%2Fset-goblen.ro%2Fblog%2Fkit-goblen-portrait-de-jeune-fille%2F&amp;linkname=Kit%20Goblen%20%E2%80%93%20Portrait%20de%20jeune%20fille\" title=\"Google+\" rel=\"nofollow\" target=\"_blank\"><\/a><a class=\"a2a_dd addtoany_share_save\" href=\"https:\/\/www.addtoany.com\/share_save\"><\/a>\n<script type=\"text\/javascript\"><!--\nwpa2a.script_load();\n\/\/--><\/script>\n<\/div><\/div><p><a href=\"http:\/\/set-goblen.ro\/\" rel=\"attachment wp-att-577\"><img loading=\"lazy\" decoding=\"async\" class=\"size-medium wp-image-577 alignleft\" src=\"http:\/\/set-goblen.ro\/blog\/wp-content\/uploads\/2015\/09\/set-goblen.ro-PNGvectoriala_001-300x100.png\" alt=\"set-goblen.ro (PNG)vectoriala_001\" width=\"300\" height=\"100\" srcset=\"http:\/\/set-goblen.ro\/blog\/wp-content\/uploads\/2015\/09\/set-goblen.ro-PNGvectoriala_001-300x100.png 300w, http:\/\/set-goblen.ro\/blog\/wp-content\/uploads\/2015\/09\/set-goblen.ro-PNGvectoriala_001.png 584w\" sizes=\"(max-width: 300px) 100vw, 300px\" \/><\/a>Stima\u021bi vizitatori ai website-ului \u0219i blogului nostru, \u00een acest articol v\u0103 prezent\u0103m un nou kit realizat de noi, numele acestuia este\u00a0<em><a href=\"http:\/\/set-goblen.ro\/flori\/3450-trandafiri-de-jean-frans-van-dael.html\">Trandafiri\u00a0<\/a><\/em>\u0219i poate fi g\u0103sit \u00een sec\u021biunea de\u00a0<em><a href=\"http:\/\/set-goblen.ro\/13-flori\">Flori\u00a0<\/a><\/em>a website-ului nostru.<\/p>\n<p>Goblenul\u00a0<em>Trandafiri<\/em> a fost creat dup\u0103 o pictura realizat\u0103 de\u00a0<em>Jean Frans van Dael,\u00a0<\/em>pictor flmand ce a tr\u0103it \u00eentre 1764 \u0219i 1840. Acest a fost unul dintre cei mai cunoscu\u021bi pictori flamanzi ai vremii, picturile sale fiind comandate de prima \u00cemp\u0103r\u0103teas\u0103 a Fran\u021bei Josephine Bonaparte, care a de\u021binut cinci dintre picturile lui Dael. De asemeni Marie-Louise Bonaparte, cea de-a doua so\u021bie a lui Napoleon \u0219i \u00cemp\u0103r\u0103teas\u0103 a Fran\u021bei, a comandat picturi realizate de Dael.<\/p>\n<p>&nbsp;<\/p>\n<p><a href=\"http:\/\/set-goblen.ro\/blog\/wp-content\/uploads\/2016\/01\/trandafiri-de-jean-frans-van-dael.jpg\" rel=\"attachment wp-att-888\"><img loading=\"lazy\" decoding=\"async\" class=\"aligncenter size-full wp-image-888\" src=\"http:\/\/set-goblen.ro\/blog\/wp-content\/uploads\/2016\/01\/trandafiri-de-jean-frans-van-dael.jpg\" alt=\"trandafiri-de-jean-frans-van-dael\" width=\"571\" height=\"799\" srcset=\"http:\/\/set-goblen.ro\/blog\/wp-content\/uploads\/2016\/01\/trandafiri-de-jean-frans-van-dael.jpg 571w, http:\/\/set-goblen.ro\/blog\/wp-content\/uploads\/2016\/01\/trandafiri-de-jean-frans-van-dael-214x300.jpg 214w\" sizes=\"(max-width: 571px) 100vw, 571px\" \/><\/a><\/p>\n<p>&nbsp;<\/p>\n<p>Operele lui Dael prezint\u0103\u00a0o compozi\u021bie sobr\u0103 \u0219i o aten\u021bie deosebit\u0103 la detalii, motivele florale fiind preferatele sale. \u00centre anii 1793 \u0219i 1833 picturile sale au fost\u00a0expuse cu regularitate la Salonul \u00a0de la Paris \u0219i la saloane din \u021a\u0103rile de Jos.<\/p>\n<p>\u00cen momentul finaliz\u0103rii, <a href=\"https:\/\/ro.wikipedia.org\/wiki\/Goblen\" target=\"_blank\">goblenul <\/a>va avea 31,5 centimetri l\u0103\u021bime \u0219i 38 centimetri \u00een\u0103l\u021bime, iar la realizarea acestuia se folosesc 35 de nuan\u021be din paleta de culori\u00a0<em>Coats-Puppets.\u00a0<\/em><\/p>\n<p>&nbsp;<\/p>\nCiteste si: <div class=\"arpw-random-post \"><ul class=\"arpw-ul\"><li class=\"arpw-li arpw-clearfix\"><a href=\"http:\/\/set-goblen.ro\/blog\/set-goblen-the-fern-gatherer\/\"  rel=\"bookmark\"><img loading=\"lazy\" decoding=\"async\" width=\"150\" height=\"150\" src=\"http:\/\/set-goblen.ro\/blog\/wp-content\/uploads\/2016\/01\/the-fern-gatherer-de-charles-sillem-didderdale-150x150.jpg\" class=\"arpw-thumbnail alignleft wp-post-image\" alt=\"Set goblen &#8211; The Fern Gatherer\" srcset=\"http:\/\/set-goblen.ro\/blog\/wp-content\/uploads\/2016\/01\/the-fern-gatherer-de-charles-sillem-didderdale-150x150.jpg 150w, http:\/\/set-goblen.ro\/blog\/wp-content\/uploads\/2016\/01\/the-fern-gatherer-de-charles-sillem-didderdale-50x50.jpg 50w\" sizes=\"(max-width: 150px) 100vw, 150px\" \/><\/a><a class=\"arpw-title\" href=\"http:\/\/set-goblen.ro\/blog\/set-goblen-the-fern-gatherer\/\" title=\"Permalink to Set goblen &#8211; The Fern Gatherer\" rel=\"bookmark\">Set goblen &#8211; The Fern Gatherer<\/a><\/li><\/ul><\/div><!-- Generated by https:\/\/wordpress.org\/plugins\/advanced-random-posts-widget\/ -->------------\n<p>&nbsp;<\/p>\n<p>Pute\u021bi g\u0103si acest set c\u0103ut\u00e2nd pe website-ul nostru codul 172 sau acces\u00e2nd urm\u0103toarea leg\u0103tur\u0103:\u00a0<em><a href=\"http:\/\/set-goblen.ro\/flori\/3450-trandafiri-de-jean-frans-van-dael.html\">Kit Goblen &#8211; Trandafiri de Jean Frans van Dael<\/a>.\u00a0<\/em><\/p>\n<p>Dac\u0103 ave\u021bi nel\u0103muriri sau dori\u021bi detalii suplimentare \u00een privin\u021ba kiturilor realizate de noi, v\u0103 rug\u0103m s\u0103 ne contacta\u021bi folosind adresa de email sau apel\u00e2nd numerele de telefon afi\u0219ate pe website-ul nostru.<\/p>\n<p>&nbsp;<\/p>\nCite\u0219te \u0219i: <div class=\"arpw-random-post \"><ul class=\"arpw-ul\"><li class=\"arpw-li arpw-clearfix\"><a class=\"arpw-title\" href=\"http:\/\/set-goblen.ro\/blog\/set-goblen-romania-recomanda-blogul-lui-jorjette\/\" title=\"Permalink to Set Goblen Rom\u00e2nia recomand\u0103 &#8211; Blogul lui Jorjette\" rel=\"bookmark\">Set Goblen Rom\u00e2nia recomand\u0103 &#8211; Blogul lui Jorjette<\/a><\/li><li class=\"arpw-li arpw-clearfix\"><a href=\"http:\/\/set-goblen.ro\/blog\/elementele-unui-kit-goblen\/\"  rel=\"bookmark\"><img loading=\"lazy\" decoding=\"async\" width=\"50\" height=\"38\" src=\"http:\/\/set-goblen.ro\/blog\/wp-content\/uploads\/2014\/01\/PICT0026.jpg\" class=\"arpw-thumbnail alignleft wp-post-image\" alt=\"Elementele unui Kit Goblen\" srcset=\"http:\/\/set-goblen.ro\/blog\/wp-content\/uploads\/2014\/01\/PICT0026.jpg 1648w, http:\/\/set-goblen.ro\/blog\/wp-content\/uploads\/2014\/01\/PICT0026-300x225.jpg 300w, http:\/\/set-goblen.ro\/blog\/wp-content\/uploads\/2014\/01\/PICT0026-1024x767.jpg 1024w\" sizes=\"(max-width: 50px) 100vw, 50px\" \/><\/a><a class=\"arpw-title\" href=\"http:\/\/set-goblen.ro\/blog\/elementele-unui-kit-goblen\/\" title=\"Permalink to Elementele unui Kit Goblen\" rel=\"bookmark\">Elementele unui Kit Goblen<\/a><\/li><li class=\"arpw-li arpw-clearfix\"><a href=\"http:\/\/set-goblen.ro\/blog\/goblen-cusut-de-vanzare-o-fata-cu-flori-capodopera-cusuta-dupa-pictura-lui-jozsef-boros\/\"  rel=\"bookmark\"><img loading=\"lazy\" decoding=\"async\" width=\"50\" height=\"50\" src=\"http:\/\/set-goblen.ro\/blog\/wp-content\/uploads\/2024\/09\/Imagine-WhatsApp-2024-09-08-la-08.13.43_4d637052-50x50.jpg\" class=\"arpw-thumbnail alignleft wp-post-image\" alt=\"Goblen cusut de vanzare: &#8222;O fata cu Flori&#8221; &#8211; Capodopera cusuta dupa pictura lui Jozsef Boros\" srcset=\"http:\/\/set-goblen.ro\/blog\/wp-content\/uploads\/2024\/09\/Imagine-WhatsApp-2024-09-08-la-08.13.43_4d637052-50x50.jpg 50w, http:\/\/set-goblen.ro\/blog\/wp-content\/uploads\/2024\/09\/Imagine-WhatsApp-2024-09-08-la-08.13.43_4d637052-150x150.jpg 150w\" sizes=\"(max-width: 50px) 100vw, 50px\" \/><\/a><a class=\"arpw-title\" href=\"http:\/\/set-goblen.ro\/blog\/goblen-cusut-de-vanzare-o-fata-cu-flori-capodopera-cusuta-dupa-pictura-lui-jozsef-boros\/\" title=\"Permalink to Goblen cusut de vanzare: &#8222;O fata cu Flori&#8221; &#8211; Capodopera cusuta dupa pictura lui Jozsef Boros\" rel=\"bookmark\">Goblen cusut de vanzare: &#8222;O fata cu Flori&#8221; &#8211; Capodopera cusuta dupa pictura lui Jozsef Boros<\/a><\/li><li class=\"arpw-li arpw-clearfix\"><a href=\"http:\/\/set-goblen.ro\/blog\/kit-goblen-vas-cu-trandafiri\/\"  rel=\"bookmark\"><img loading=\"lazy\" decoding=\"async\" width=\"50\" height=\"50\" src=\"http:\/\/set-goblen.ro\/blog\/wp-content\/uploads\/2016\/01\/vas-cu-trandafiri-de-paul-de-longpre-50x50.jpg\" class=\"arpw-thumbnail alignleft wp-post-image\" alt=\"Kit goblen &#8211; Vas cu Trandafiri\" srcset=\"http:\/\/set-goblen.ro\/blog\/wp-content\/uploads\/2016\/01\/vas-cu-trandafiri-de-paul-de-longpre-50x50.jpg 50w, http:\/\/set-goblen.ro\/blog\/wp-content\/uploads\/2016\/01\/vas-cu-trandafiri-de-paul-de-longpre-150x150.jpg 150w\" sizes=\"(max-width: 50px) 100vw, 50px\" \/><\/a><a class=\"arpw-title\" href=\"http:\/\/set-goblen.ro\/blog\/kit-goblen-vas-cu-trandafiri\/\" title=\"Permalink to Kit goblen &#8211; Vas cu Trandafiri\" rel=\"bookmark\">Kit goblen &#8211; Vas cu Trandafiri<\/a><\/li><li class=\"arpw-li arpw-clearfix\"><a href=\"http:\/\/set-goblen.ro\/blog\/kit-goblen-portrait-de-jeune-fille\/\"  rel=\"bookmark\"><img loading=\"lazy\" decoding=\"async\" width=\"50\" height=\"50\" src=\"http:\/\/set-goblen.ro\/blog\/wp-content\/uploads\/2016\/01\/portrait-de-jeune-fille-de-emile-eisman-semenowsky-50x50.jpg\" class=\"arpw-thumbnail alignleft wp-post-image\" alt=\"Kit Goblen &#8211; Portrait de jeune fille\" srcset=\"http:\/\/set-goblen.ro\/blog\/wp-content\/uploads\/2016\/01\/portrait-de-jeune-fille-de-emile-eisman-semenowsky-50x50.jpg 50w, http:\/\/set-goblen.ro\/blog\/wp-content\/uploads\/2016\/01\/portrait-de-jeune-fille-de-emile-eisman-semenowsky-150x150.jpg 150w\" sizes=\"(max-width: 50px) 100vw, 50px\" \/><\/a><a class=\"arpw-title\" href=\"http:\/\/set-goblen.ro\/blog\/kit-goblen-portrait-de-jeune-fille\/\" title=\"Permalink to Kit Goblen &#8211; Portrait de jeune fille\" rel=\"bookmark\">Kit Goblen &#8211; Portrait de jeune fille<\/a><\/li><\/ul><\/div><!-- Generated by https:\/\/wordpress.org\/plugins\/advanced-random-posts-widget\/ -->------------\n<p>&nbsp;<\/p>\n","protected":false},"excerpt":{"rendered":"<div class=\"addtoany_share_save_container addtoany_content_top\"><div class=\"a2a_kit a2a_kit_size_32 addtoany_list a2a_target\" id=\"wpa2a_2\"><a class=\"a2a_button_facebook\" href=\"http:\/\/www.addtoany.com\/add_to\/facebook?linkurl=http%3A%2F%2Fset-goblen.ro%2Fblog%2Fkit-goblen-portrait-de-jeune-fille%2F&amp;linkname=Kit%20Goblen%20%E2%80%93%20Portrait%20de%20jeune%20fille\" title=\"Facebook\" rel=\"nofollow\" target=\"_blank\"><\/a><a class=\"a2a_button_twitter\" href=\"http:\/\/www.addtoany.com\/add_to\/twitter?linkurl=http%3A%2F%2Fset-goblen.ro%2Fblog%2Fkit-goblen-portrait-de-jeune-fille%2F&amp;linkname=Kit%20Goblen%20%E2%80%93%20Portrait%20de%20jeune%20fille\" title=\"Twitter\" rel=\"nofollow\" target=\"_blank\"><\/a><a class=\"a2a_button_google_plus\" href=\"http:\/\/www.addtoany.com\/add_to\/google_plus?linkurl=http%3A%2F%2Fset-goblen.ro%2Fblog%2Fkit-goblen-portrait-de-jeune-fille%2F&amp;linkname=Kit%20Goblen%20%E2%80%93%20Portrait%20de%20jeune%20fille\" title=\"Google+\" rel=\"nofollow\" target=\"_blank\"><\/a><a class=\"a2a_dd addtoany_share_save\" href=\"https:\/\/www.addtoany.com\/share_save\"><\/a><\/div><\/div><p>Stima\u021bi vizitatori ai website-ului \u0219i blogului nostru, \u00een acest articol v\u0103 prezent\u0103m un nou kit realizat de noi, numele acestuia este\u00a0Trandafiri\u00a0\u0219i poate fi g\u0103sit \u00een sec\u021biunea de\u00a0Flori\u00a0a website-ului nostru. Goblenul\u00a0Trandafiri a fost creat dup\u0103 o pictura realizat\u0103 de\u00a0Jean Frans van Dael,\u00a0pictor flmand ce a tr\u0103it \u00eentre 1764 \u0219i 1840. Acest a fost unul dintre cei [&hellip;]<\/p>\n","protected":false},"author":1,"featured_media":888,"comment_status":"open","ping_status":"open","sticky":false,"template":"","format":"standard","meta":{"footnotes":""},"categories":[16],"tags":[],"_links":{"self":[{"href":"http:\/\/set-goblen.ro\/blog\/wp-json\/wp\/v2\/posts\/887"}],"collection":[{"href":"http:\/\/set-goblen.ro\/blog\/wp-json\/wp\/v2\/posts"}],"about":[{"href":"http:\/\/set-goblen.ro\/blog\/wp-json\/wp\/v2\/types\/post"}],"author":[{"embeddable":true,"href":"http:\/\/set-goblen.ro\/blog\/wp-json\/wp\/v2\/users\/1"}],"replies":[{"embeddable":true,"href":"http:\/\/set-goblen.ro\/blog\/wp-json\/wp\/v2\/comments?post=887"}],"version-history":[{"count":1,"href":"http:\/\/set-goblen.ro\/blog\/wp-json\/wp\/v2\/posts\/887\/revisions"}],"predecessor-version":[{"id":889,"href":"http:\/\/set-goblen.ro\/blog\/wp-json\/wp\/v2\/posts\/887\/revisions\/889"}],"wp:featuredmedia":[{"embeddable":true,"href":"http:\/\/set-goblen.ro\/blog\/wp-json\/wp\/v2\/media\/888"}],"wp:attachment":[{"href":"http:\/\/set-goblen.ro\/blog\/wp-json\/wp\/v2\/media?parent=887"}],"wp:term":[{"taxonomy":"category","embeddable":true,"href":"http:\/\/set-goblen.ro\/blog\/wp-json\/wp\/v2\/categories?post=887"},{"taxonomy":"post_tag","embeddable":true,"href":"http:\/\/set-goblen.ro\/blog\/wp-json\/wp\/v2\/tags?post=887"}],"curies":[{"name":"wp","href":"https:\/\/api.w.org\/{rel}","templated":true}]}}