{"id":694,"date":"2015-12-11T18:26:46","date_gmt":"2015-12-11T16:26:46","guid":{"rendered":"http:\/\/set-goblen.ro\/blog\/?p=694"},"modified":"2015-12-03T23:27:08","modified_gmt":"2015-12-03T21:27:08","slug":"set-goblen-inapoi-la-targ-de-alfred-wierusz-kowalski","status":"publish","type":"post","link":"https:\/\/set-goblen.ro\/blog\/set-goblen-inapoi-la-targ-de-alfred-wierusz-kowalski\/","title":{"rendered":"Set Goblen &#8211; \u00cenapoi la t\u00e2rg de Alfred Wierusz Kowalski"},"content":{"rendered":"<div class=\"addtoany_share_save_container addtoany_content_top\"><div class=\"a2a_kit a2a_kit_size_32 addtoany_list a2a_target\" id=\"wpa2a_1\"><a class=\"a2a_button_facebook\" href=\"http:\/\/www.addtoany.com\/add_to\/facebook?linkurl=https%3A%2F%2Fset-goblen.ro%2Fblog%2Fgoblen-cusut-cos-cu-trandafiri-de-l-scheel%2F&amp;linkname=Goblen%20cusut%20%E2%80%93%20Co%C8%99%20cu%20Trandafiri%20de%20L.%20Scheel\" title=\"Facebook\" rel=\"nofollow\" target=\"_blank\"><\/a><a class=\"a2a_button_twitter\" href=\"http:\/\/www.addtoany.com\/add_to\/twitter?linkurl=https%3A%2F%2Fset-goblen.ro%2Fblog%2Fgoblen-cusut-cos-cu-trandafiri-de-l-scheel%2F&amp;linkname=Goblen%20cusut%20%E2%80%93%20Co%C8%99%20cu%20Trandafiri%20de%20L.%20Scheel\" title=\"Twitter\" rel=\"nofollow\" target=\"_blank\"><\/a><a class=\"a2a_button_google_plus\" href=\"http:\/\/www.addtoany.com\/add_to\/google_plus?linkurl=https%3A%2F%2Fset-goblen.ro%2Fblog%2Fgoblen-cusut-cos-cu-trandafiri-de-l-scheel%2F&amp;linkname=Goblen%20cusut%20%E2%80%93%20Co%C8%99%20cu%20Trandafiri%20de%20L.%20Scheel\" title=\"Google+\" rel=\"nofollow\" target=\"_blank\"><\/a><a class=\"a2a_dd addtoany_share_save\" href=\"https:\/\/www.addtoany.com\/share_save\"><\/a>\n<script type=\"text\/javascript\"><!--\nwpa2a.script_load();\n\/\/--><\/script>\n<\/div><\/div><p>Dragi cititori ai blogului nostru, ast\u0103zi vom prezenta kitul goblen<a href=\"http:\/\/set-goblen.ro\/peisaje\/4228-inapoi-la-targ-johan-laurentz-jensen.html\">\u00a0<em>\u00cenapoi la t\u00e2rg de Alfred Wierusz Kowalski.\u00a0<\/em><\/a><\/p>\n<p>Pe numele s\u0103u complet\u00a0Alfred Jan Maksymilian <em>Wierusz<\/em><em>&#8211;<\/em>Kowalski este unul dintre cei mai cunoscu\u021bi pictori ai\u00a0<em><a href=\"https:\/\/en.wikipedia.org\/wiki\/Munich_School\">\u0218colii din Munich<\/a>,\u00a0<\/em>acesta s-a n\u0103scut \u00een Polonia pe 11 octombrie 1849 \u0219i s-a stabilit \u00een Munich, Germania \u00een 1873, imediat dup\u0103 ce \u0219i-a terminat studiile \u00een Var\u0219ovia.<\/p>\n<p>&nbsp;<\/p>\n<p><a href=\"http:\/\/set-goblen.ro\/blog\/wp-content\/uploads\/2015\/11\/inapoi-la-targ-.jpg\"><img loading=\"lazy\" decoding=\"async\" class=\"aligncenter size-full wp-image-695\" src=\"http:\/\/set-goblen.ro\/blog\/wp-content\/uploads\/2015\/11\/inapoi-la-targ-.jpg\" alt=\"inapoi-la-targ-\" width=\"800\" height=\"800\" srcset=\"https:\/\/set-goblen.ro\/blog\/wp-content\/uploads\/2015\/11\/inapoi-la-targ-.jpg 800w, https:\/\/set-goblen.ro\/blog\/wp-content\/uploads\/2015\/11\/inapoi-la-targ--150x150.jpg 150w, https:\/\/set-goblen.ro\/blog\/wp-content\/uploads\/2015\/11\/inapoi-la-targ--300x300.jpg 300w, https:\/\/set-goblen.ro\/blog\/wp-content\/uploads\/2015\/11\/inapoi-la-targ--50x50.jpg 50w\" sizes=\"(max-width: 800px) 100vw, 800px\" \/><\/a><\/p>\n<p>&nbsp;<\/p>\n<p>Kitul goblen\u00a0<em>\u00cenapoi la t\u00e2rg<\/em> face parte din categoria <a href=\"http:\/\/set-goblen.ro\/12-peisaje\">Peisaje<\/a>, \u0219i mai poate fi g\u0103sit pe website-ul nostru c\u0103ut\u00e2nd dup\u0103 codul 970.<\/p>\n<p>Imaginea goblenului este \u00een mi\u0219care, reprezent\u00e2nd un grup de c\u0103ru\u021ba\u0219i ce se gr\u0103besc s\u0103 ajung\u0103 la t\u00e2rg. Prin acest tablou, pictorul reu\u0219e\u0219te s\u0103 surprind\u0103 o parte din dinamica societ\u0103\u021bii acelei perioade, perioad\u0103 \u00een care t\u00e2rgul este unul dintre cele mai importante elemente din via\u021ba unui sat.<\/p>\n<p>&nbsp;<\/p>\nCiteste si: <div class=\"arpw-random-post \"><ul class=\"arpw-ul\"><li class=\"arpw-li arpw-clearfix\"><a href=\"https:\/\/set-goblen.ro\/blog\/set-goblen-maslenitsa\/\"  rel=\"bookmark\"><img loading=\"lazy\" decoding=\"async\" width=\"150\" height=\"150\" src=\"https:\/\/set-goblen.ro\/blog\/wp-content\/uploads\/2016\/01\/maslenitsa-artist-gruzina-peter-nikolaevick-150x150.jpg\" class=\"arpw-thumbnail alignleft wp-post-image\" alt=\"Set Goblen &#8211; Maslenitsa\" srcset=\"https:\/\/set-goblen.ro\/blog\/wp-content\/uploads\/2016\/01\/maslenitsa-artist-gruzina-peter-nikolaevick-150x150.jpg 150w, https:\/\/set-goblen.ro\/blog\/wp-content\/uploads\/2016\/01\/maslenitsa-artist-gruzina-peter-nikolaevick-50x50.jpg 50w\" sizes=\"(max-width: 150px) 100vw, 150px\" \/><\/a><a class=\"arpw-title\" href=\"https:\/\/set-goblen.ro\/blog\/set-goblen-maslenitsa\/\" title=\"Permalink to Set Goblen &#8211; Maslenitsa\" rel=\"bookmark\">Set Goblen &#8211; Maslenitsa<\/a><\/li><\/ul><\/div><!-- Generated by https:\/\/wordpress.org\/plugins\/advanced-random-posts-widget\/ -->------------\n<p>&nbsp;<\/p>\n<p>Pictorul reu\u0219e\u0219te foarte bine s\u0103 \u00eencadreze ac\u021biunea \u00eentr-un cadru spa\u021bio-temporal bine definit, t\u00e2rgul fiind situat la marginea satului, aspect eviden\u021biat de casele care se afl\u0103 \u00een fundal, iar faptul c\u0103 \u00een planul doi se afl\u0103 un c\u0103ru\u021ba\u0219 care merge agale, \u00een timp ce c\u0103ru\u021ba\u0219ii din primul plan se gr\u0103besc, l\u0103s\u00e2nd \u00een urm\u0103 un nor de praf, tr\u0103deaz\u0103 faptul c\u0103 ac\u021biunea se petrece la amiaz\u0103, aproape de spartul t\u00e2rgului.<\/p>\n<p>Dimensiunea goblenului este de 39 x 25 cm, \u00een timp ce num\u0103rul de culori ce alc\u0103tuiesc goblenul este 44, nuan\u021be apar\u021bin\u00e2nd paletei Coats-Puppets.<\/p>\n<p>Pute\u021bi g\u0103si acest kit goblen acces\u00e2nd urm\u0103toarea leg\u0103tur\u0103:\u00a0<em><a href=\"http:\/\/set-goblen.ro\/peisaje\/4228-inapoi-la-targ-johan-laurentz-jensen.html\">Set Goblen &#8211;\u00a0\u00cenapoi la t\u00e2rg de Alfred Wierusz Kowalski<\/a>.\u00a0<\/em><\/p>\n<p>&nbsp;<\/p>\nCite\u0219te \u0219i: <div class=\"arpw-random-post \"><ul class=\"arpw-ul\"><li class=\"arpw-li arpw-clearfix\"><a href=\"https:\/\/set-goblen.ro\/blog\/kit-goblen-iarna-la-tara-2\/\"  rel=\"bookmark\"><img loading=\"lazy\" decoding=\"async\" width=\"50\" height=\"50\" src=\"https:\/\/set-goblen.ro\/blog\/wp-content\/uploads\/2016\/01\/iarna-la-tara-de-edward-herbert-50x50.jpg\" class=\"arpw-thumbnail alignleft wp-post-image\" alt=\"Kit Goblen &#8211; Iarna la \u021bar\u0103\" srcset=\"https:\/\/set-goblen.ro\/blog\/wp-content\/uploads\/2016\/01\/iarna-la-tara-de-edward-herbert-50x50.jpg 50w, https:\/\/set-goblen.ro\/blog\/wp-content\/uploads\/2016\/01\/iarna-la-tara-de-edward-herbert-150x150.jpg 150w, https:\/\/set-goblen.ro\/blog\/wp-content\/uploads\/2016\/01\/iarna-la-tara-de-edward-herbert-300x300.jpg 300w, https:\/\/set-goblen.ro\/blog\/wp-content\/uploads\/2016\/01\/iarna-la-tara-de-edward-herbert-768x768.jpg 768w, https:\/\/set-goblen.ro\/blog\/wp-content\/uploads\/2016\/01\/iarna-la-tara-de-edward-herbert.jpg 800w\" sizes=\"(max-width: 50px) 100vw, 50px\" \/><\/a><a class=\"arpw-title\" href=\"https:\/\/set-goblen.ro\/blog\/kit-goblen-iarna-la-tara-2\/\" title=\"Permalink to Kit Goblen &#8211; Iarna la \u021bar\u0103\" rel=\"bookmark\">Kit Goblen &#8211; Iarna la \u021bar\u0103<\/a><\/li><li class=\"arpw-li arpw-clearfix\"><a href=\"https:\/\/set-goblen.ro\/blog\/set-goblen-portrait-of-a-girl\/\"  rel=\"bookmark\"><img loading=\"lazy\" decoding=\"async\" width=\"50\" height=\"50\" src=\"https:\/\/set-goblen.ro\/blog\/wp-content\/uploads\/2015\/07\/portrait-of-a-girl-de-anton-elbert.jpg\" class=\"arpw-thumbnail alignleft wp-post-image\" alt=\"Set Goblen &#8211; Portrait of a Girl\" srcset=\"https:\/\/set-goblen.ro\/blog\/wp-content\/uploads\/2015\/07\/portrait-of-a-girl-de-anton-elbert.jpg 600w, https:\/\/set-goblen.ro\/blog\/wp-content\/uploads\/2015\/07\/portrait-of-a-girl-de-anton-elbert-150x150.jpg 150w, https:\/\/set-goblen.ro\/blog\/wp-content\/uploads\/2015\/07\/portrait-of-a-girl-de-anton-elbert-300x300.jpg 300w\" sizes=\"(max-width: 50px) 100vw, 50px\" \/><\/a><a class=\"arpw-title\" href=\"https:\/\/set-goblen.ro\/blog\/set-goblen-portrait-of-a-girl\/\" title=\"Permalink to Set Goblen &#8211; Portrait of a Girl\" rel=\"bookmark\">Set Goblen &#8211; Portrait of a Girl<\/a><\/li><li class=\"arpw-li arpw-clearfix\"><a href=\"https:\/\/set-goblen.ro\/blog\/set-goblen-ghiocei\/\"  rel=\"bookmark\"><img loading=\"lazy\" decoding=\"async\" width=\"50\" height=\"50\" src=\"https:\/\/set-goblen.ro\/blog\/wp-content\/uploads\/2016\/01\/ghiocei-50x50.jpg\" class=\"arpw-thumbnail alignleft wp-post-image\" alt=\"Set Goblen &#8211; Ghiocei\" srcset=\"https:\/\/set-goblen.ro\/blog\/wp-content\/uploads\/2016\/01\/ghiocei-50x50.jpg 50w, https:\/\/set-goblen.ro\/blog\/wp-content\/uploads\/2016\/01\/ghiocei-150x150.jpg 150w\" sizes=\"(max-width: 50px) 100vw, 50px\" \/><\/a><a class=\"arpw-title\" href=\"https:\/\/set-goblen.ro\/blog\/set-goblen-ghiocei\/\" title=\"Permalink to Set Goblen &#8211; Ghiocei\" rel=\"bookmark\">Set Goblen &#8211; Ghiocei<\/a><\/li><li class=\"arpw-li arpw-clearfix\"><a href=\"https:\/\/set-goblen.ro\/blog\/floare-nemuritoare-diagrame-goblen-gratis\/\"  rel=\"bookmark\"><img loading=\"lazy\" decoding=\"async\" width=\"38\" height=\"50\" src=\"https:\/\/set-goblen.ro\/blog\/wp-content\/uploads\/2015\/06\/floare-nemuritoare.jpg\" class=\"arpw-thumbnail alignleft wp-post-image\" alt=\"Floare nemuritoare &#8211; Diagrame Goblen &#8211; Gratis\" srcset=\"https:\/\/set-goblen.ro\/blog\/wp-content\/uploads\/2015\/06\/floare-nemuritoare.jpg 1188w, https:\/\/set-goblen.ro\/blog\/wp-content\/uploads\/2015\/06\/floare-nemuritoare-229x300.jpg 229w, https:\/\/set-goblen.ro\/blog\/wp-content\/uploads\/2015\/06\/floare-nemuritoare-780x1024.jpg 780w\" sizes=\"(max-width: 38px) 100vw, 38px\" \/><\/a><a class=\"arpw-title\" href=\"https:\/\/set-goblen.ro\/blog\/floare-nemuritoare-diagrame-goblen-gratis\/\" title=\"Permalink to Floare nemuritoare &#8211; Diagrame Goblen &#8211; Gratis\" rel=\"bookmark\">Floare nemuritoare &#8211; Diagrame Goblen &#8211; Gratis<\/a><\/li><li class=\"arpw-li arpw-clearfix\"><a href=\"https:\/\/set-goblen.ro\/blog\/goblen-cusut-cos-cu-trandafiri-de-l-scheel\/\"  rel=\"bookmark\"><img loading=\"lazy\" decoding=\"async\" width=\"50\" height=\"28\" src=\"https:\/\/set-goblen.ro\/blog\/wp-content\/uploads\/2015\/09\/20150630_065402_001-e1442156123715.jpg\" class=\"arpw-thumbnail alignleft wp-post-image\" alt=\"Goblen cusut \u2013 Co\u0219 cu Trandafiri de L. Scheel\" srcset=\"https:\/\/set-goblen.ro\/blog\/wp-content\/uploads\/2015\/09\/20150630_065402_001-e1442156123715.jpg 1992w, https:\/\/set-goblen.ro\/blog\/wp-content\/uploads\/2015\/09\/20150630_065402_001-e1442156123715-300x169.jpg 300w, https:\/\/set-goblen.ro\/blog\/wp-content\/uploads\/2015\/09\/20150630_065402_001-e1442156123715-1024x576.jpg 1024w\" sizes=\"(max-width: 50px) 100vw, 50px\" \/><\/a><a class=\"arpw-title\" href=\"https:\/\/set-goblen.ro\/blog\/goblen-cusut-cos-cu-trandafiri-de-l-scheel\/\" title=\"Permalink to Goblen cusut \u2013 Co\u0219 cu Trandafiri de L. Scheel\" rel=\"bookmark\">Goblen cusut \u2013 Co\u0219 cu Trandafiri de L. Scheel<\/a><\/li><\/ul><\/div><!-- Generated by https:\/\/wordpress.org\/plugins\/advanced-random-posts-widget\/ -->------------\n","protected":false},"excerpt":{"rendered":"<div class=\"addtoany_share_save_container addtoany_content_top\"><div class=\"a2a_kit a2a_kit_size_32 addtoany_list a2a_target\" id=\"wpa2a_2\"><a class=\"a2a_button_facebook\" href=\"http:\/\/www.addtoany.com\/add_to\/facebook?linkurl=https%3A%2F%2Fset-goblen.ro%2Fblog%2Fgoblen-cusut-cos-cu-trandafiri-de-l-scheel%2F&amp;linkname=Goblen%20cusut%20%E2%80%93%20Co%C8%99%20cu%20Trandafiri%20de%20L.%20Scheel\" title=\"Facebook\" rel=\"nofollow\" target=\"_blank\"><\/a><a class=\"a2a_button_twitter\" href=\"http:\/\/www.addtoany.com\/add_to\/twitter?linkurl=https%3A%2F%2Fset-goblen.ro%2Fblog%2Fgoblen-cusut-cos-cu-trandafiri-de-l-scheel%2F&amp;linkname=Goblen%20cusut%20%E2%80%93%20Co%C8%99%20cu%20Trandafiri%20de%20L.%20Scheel\" title=\"Twitter\" rel=\"nofollow\" target=\"_blank\"><\/a><a class=\"a2a_button_google_plus\" href=\"http:\/\/www.addtoany.com\/add_to\/google_plus?linkurl=https%3A%2F%2Fset-goblen.ro%2Fblog%2Fgoblen-cusut-cos-cu-trandafiri-de-l-scheel%2F&amp;linkname=Goblen%20cusut%20%E2%80%93%20Co%C8%99%20cu%20Trandafiri%20de%20L.%20Scheel\" title=\"Google+\" rel=\"nofollow\" target=\"_blank\"><\/a><a class=\"a2a_dd addtoany_share_save\" href=\"https:\/\/www.addtoany.com\/share_save\"><\/a><\/div><\/div><p>Dragi cititori ai blogului nostru, ast\u0103zi vom prezenta kitul goblen\u00a0\u00cenapoi la t\u00e2rg de Alfred Wierusz Kowalski.\u00a0 Pe numele s\u0103u complet\u00a0Alfred Jan Maksymilian Wierusz&#8211;Kowalski este unul dintre cei mai cunoscu\u021bi pictori ai\u00a0\u0218colii din Munich,\u00a0acesta s-a n\u0103scut \u00een Polonia pe 11 octombrie 1849 \u0219i s-a stabilit \u00een Munich, Germania \u00een 1873, imediat dup\u0103 ce \u0219i-a terminat studiile [&hellip;]<\/p>\n","protected":false},"author":1,"featured_media":695,"comment_status":"open","ping_status":"open","sticky":false,"template":"","format":"standard","meta":{"footnotes":""},"categories":[16],"tags":[],"_links":{"self":[{"href":"https:\/\/set-goblen.ro\/blog\/wp-json\/wp\/v2\/posts\/694"}],"collection":[{"href":"https:\/\/set-goblen.ro\/blog\/wp-json\/wp\/v2\/posts"}],"about":[{"href":"https:\/\/set-goblen.ro\/blog\/wp-json\/wp\/v2\/types\/post"}],"author":[{"embeddable":true,"href":"https:\/\/set-goblen.ro\/blog\/wp-json\/wp\/v2\/users\/1"}],"replies":[{"embeddable":true,"href":"https:\/\/set-goblen.ro\/blog\/wp-json\/wp\/v2\/comments?post=694"}],"version-history":[{"count":1,"href":"https:\/\/set-goblen.ro\/blog\/wp-json\/wp\/v2\/posts\/694\/revisions"}],"predecessor-version":[{"id":696,"href":"https:\/\/set-goblen.ro\/blog\/wp-json\/wp\/v2\/posts\/694\/revisions\/696"}],"wp:featuredmedia":[{"embeddable":true,"href":"https:\/\/set-goblen.ro\/blog\/wp-json\/wp\/v2\/media\/695"}],"wp:attachment":[{"href":"https:\/\/set-goblen.ro\/blog\/wp-json\/wp\/v2\/media?parent=694"}],"wp:term":[{"taxonomy":"category","embeddable":true,"href":"https:\/\/set-goblen.ro\/blog\/wp-json\/wp\/v2\/categories?post=694"},{"taxonomy":"post_tag","embeddable":true,"href":"https:\/\/set-goblen.ro\/blog\/wp-json\/wp\/v2\/tags?post=694"}],"curies":[{"name":"wp","href":"https:\/\/api.w.org\/{rel}","templated":true}]}}