{"id":707,"date":"2016-10-07T15:34:23","date_gmt":"2016-10-07T13:34:23","guid":{"rendered":"http:\/\/set-goblen.ro\/blog\/?p=707"},"modified":"2016-01-28T23:34:50","modified_gmt":"2016-01-28T21:34:50","slug":"goblen-bunul-pastor","status":"publish","type":"post","link":"https:\/\/set-goblen.ro\/blog\/goblen-bunul-pastor\/","title":{"rendered":"Goblen cusut &#8211; Bunul P\u0103stor"},"content":{"rendered":"<div class=\"addtoany_share_save_container addtoany_content_top\"><div class=\"a2a_kit a2a_kit_size_32 addtoany_list a2a_target\" id=\"wpa2a_1\"><a class=\"a2a_button_facebook\" href=\"http:\/\/www.addtoany.com\/add_to\/facebook?linkurl=https%3A%2F%2Fset-goblen.ro%2Fblog%2Fkit-goblen-portrait-de-jeune-fille%2F&amp;linkname=Kit%20Goblen%20%E2%80%93%20Portrait%20de%20jeune%20fille\" title=\"Facebook\" rel=\"nofollow\" target=\"_blank\"><\/a><a class=\"a2a_button_twitter\" href=\"http:\/\/www.addtoany.com\/add_to\/twitter?linkurl=https%3A%2F%2Fset-goblen.ro%2Fblog%2Fkit-goblen-portrait-de-jeune-fille%2F&amp;linkname=Kit%20Goblen%20%E2%80%93%20Portrait%20de%20jeune%20fille\" title=\"Twitter\" rel=\"nofollow\" target=\"_blank\"><\/a><a class=\"a2a_button_google_plus\" href=\"http:\/\/www.addtoany.com\/add_to\/google_plus?linkurl=https%3A%2F%2Fset-goblen.ro%2Fblog%2Fkit-goblen-portrait-de-jeune-fille%2F&amp;linkname=Kit%20Goblen%20%E2%80%93%20Portrait%20de%20jeune%20fille\" title=\"Google+\" rel=\"nofollow\" target=\"_blank\"><\/a><a class=\"a2a_dd addtoany_share_save\" href=\"https:\/\/www.addtoany.com\/share_save\"><\/a>\n<script type=\"text\/javascript\"><!--\nwpa2a.script_load();\n\/\/--><\/script>\n<\/div><\/div><p>&nbsp;<\/p>\n<p><a href=\"http:\/\/www.set-goblen.ro\" rel=\"attachment wp-att-577\"><img loading=\"lazy\" decoding=\"async\" class=\"size-medium wp-image-577 alignleft\" src=\"http:\/\/set-goblen.ro\/blog\/wp-content\/uploads\/2015\/09\/set-goblen.ro-PNGvectoriala_001-300x100.png\" alt=\"set-goblen.ro (PNG)vectoriala_001\" width=\"300\" height=\"100\" srcset=\"https:\/\/set-goblen.ro\/blog\/wp-content\/uploads\/2015\/09\/set-goblen.ro-PNGvectoriala_001-300x100.png 300w, https:\/\/set-goblen.ro\/blog\/wp-content\/uploads\/2015\/09\/set-goblen.ro-PNGvectoriala_001.png 584w\" sizes=\"(max-width: 300px) 100vw, 300px\" \/><\/a>Dragi iubitori ai Set Goblen Rom\u00e2nia, avem pl\u0103cerea de a v\u0103 prezenta un nou goblen cusut dup\u0103 kiturile noastre. Numele goblenului este\u00a0<em><a href=\"http:\/\/set-goblen.ro\/religioase\/3918-christ-the-shepperd.html\" target=\"_blank\">Christ The Shepherd<\/a>\u00a0<\/em>\u0219i poate fi g\u0103sit pe website-ul nostru \u00een categoria\u00a0<em><a href=\"http:\/\/set-goblen.ro\/14-religioase\" target=\"_blank\">Religioase\u00a0<\/a><\/em>sau c\u0103ut\u00e2nd pe site dup\u0103 codul 207.<\/p>\n<p>Dimensiunea goblenului\u00a0este 30 x 21,4 cm, iar num\u0103rul de culori prezente este 46. Asemenea tuturor modelelor de pe website-ul nostru, a\u021bele fac parte din paleta Coats-Puppets.<\/p>\n<p>&nbsp;<\/p>\nCiteste si: <div class=\"arpw-random-post \"><ul class=\"arpw-ul\"><li class=\"arpw-li arpw-clearfix\"><a href=\"https:\/\/set-goblen.ro\/blog\/kit-goblen-vaza-cu-floarea-soarelui\/\"  rel=\"bookmark\"><img loading=\"lazy\" decoding=\"async\" width=\"150\" height=\"150\" src=\"https:\/\/set-goblen.ro\/blog\/wp-content\/uploads\/2016\/01\/vaza-cu-floarea-soarelui-150x150.jpg\" class=\"arpw-thumbnail alignleft wp-post-image\" alt=\"Kit goblen &#8211; Vaz\u0103 cu floarea soarelui\" srcset=\"https:\/\/set-goblen.ro\/blog\/wp-content\/uploads\/2016\/01\/vaza-cu-floarea-soarelui-150x150.jpg 150w, https:\/\/set-goblen.ro\/blog\/wp-content\/uploads\/2016\/01\/vaza-cu-floarea-soarelui-50x50.jpg 50w\" sizes=\"(max-width: 150px) 100vw, 150px\" \/><\/a><a class=\"arpw-title\" href=\"https:\/\/set-goblen.ro\/blog\/kit-goblen-vaza-cu-floarea-soarelui\/\" title=\"Permalink to Kit goblen &#8211; Vaz\u0103 cu floarea soarelui\" rel=\"bookmark\">Kit goblen &#8211; Vaz\u0103 cu floarea soarelui<\/a><\/li><\/ul><\/div><!-- Generated by https:\/\/wordpress.org\/plugins\/advanced-random-posts-widget\/ -->------------\n<p>&nbsp;<\/p>\n<p>Goblenul \u00eel prezint\u0103 pe Domnul nostru Iisus Hristos \u00een postura de p\u0103stor divin\u00a0ce\u00a0vegheaz\u0103 asupra turmei de oi, turm\u0103 de oi ce din punct de vedere simbolistic reprezint\u0103 oamenii ce aleg calea Domnului. Ac\u021biunea se petrece pe o p\u0103\u0219une denivelat\u0103 la sf\u00e2r\u0219itul zilei, \u00eentr-un mod armonios \u0219i lini\u0219tit ce pare de neclintit.<\/p>\n<p>&nbsp;<\/p>\n<div id=\"attachment_708\" style=\"width: 855px\" class=\"wp-caption aligncenter\"><a href=\"http:\/\/set-goblen.ro\/blog\/?attachment_id=708\" rel=\"attachment wp-att-708\"><img loading=\"lazy\" decoding=\"async\" aria-describedby=\"caption-attachment-708\" class=\"size-full wp-image-708\" src=\"http:\/\/set-goblen.ro\/blog\/wp-content\/uploads\/2016\/01\/DSCN0263.jpg\" alt=\"\u00be\" width=\"845\" height=\"644\" srcset=\"https:\/\/set-goblen.ro\/blog\/wp-content\/uploads\/2016\/01\/DSCN0263.jpg 845w, https:\/\/set-goblen.ro\/blog\/wp-content\/uploads\/2016\/01\/DSCN0263-300x229.jpg 300w, https:\/\/set-goblen.ro\/blog\/wp-content\/uploads\/2016\/01\/DSCN0263-768x585.jpg 768w\" sizes=\"(max-width: 845px) 100vw, 845px\" \/><\/a><p id=\"caption-attachment-708\" class=\"wp-caption-text\">\u00be<\/p><\/div>\n<p>&nbsp;<\/p>\n<p>Kitul goblen cu ajutorul c\u0103ruia a fost realizat acest goblen poate fi g\u0103sit <a href=\"http:\/\/set-goblen.ro\/religioase\/3918-christ-the-shepperd.html\">aici<\/a>,\u00a0 acesta con\u021bine toate elementele necesare realiz\u0103rii unui goblen de calitate.<\/p>\n<p>Toate kiturile noastre se cos dup\u0103 diagrame, iar p\u00e2nza folosit\u0103 la realizarea acestora este p\u00e2nza Zweigart, caroiat\u0103 10 x 10.<\/p>\n<p>Pentru orice nel\u0103murire v\u0103 rug\u0103m s\u0103 ne trimite\u021bi un mesaj sau s\u0103 ne contacta\u021bi la numerele de telefon afi\u0219ate pe website.<\/p>\n<p>&nbsp;<\/p>\nCite\u0219te \u0219i: <div class=\"arpw-random-post \"><ul class=\"arpw-ul\"><li class=\"arpw-li arpw-clearfix\"><a href=\"https:\/\/set-goblen.ro\/blog\/goblen-cusut-adunatul-fanului\/\"  rel=\"bookmark\"><img loading=\"lazy\" decoding=\"async\" width=\"50\" height=\"37\" src=\"https:\/\/set-goblen.ro\/blog\/wp-content\/uploads\/2014\/04\/DSCF0882.jpg\" class=\"arpw-thumbnail alignleft wp-post-image\" alt=\"Goblen cusut &#8211; Adunatul F\u00e2nului\" srcset=\"https:\/\/set-goblen.ro\/blog\/wp-content\/uploads\/2014\/04\/DSCF0882.jpg 1152w, https:\/\/set-goblen.ro\/blog\/wp-content\/uploads\/2014\/04\/DSCF0882-300x223.jpg 300w, https:\/\/set-goblen.ro\/blog\/wp-content\/uploads\/2014\/04\/DSCF0882-1024x764.jpg 1024w\" sizes=\"(max-width: 50px) 100vw, 50px\" \/><\/a><a class=\"arpw-title\" href=\"https:\/\/set-goblen.ro\/blog\/goblen-cusut-adunatul-fanului\/\" title=\"Permalink to Goblen cusut &#8211; Adunatul F\u00e2nului\" rel=\"bookmark\">Goblen cusut &#8211; Adunatul F\u00e2nului<\/a><\/li><li class=\"arpw-li arpw-clearfix\"><a href=\"https:\/\/set-goblen.ro\/blog\/kit-goblen-bol-cu-trandafiri\/\"  rel=\"bookmark\"><img loading=\"lazy\" decoding=\"async\" width=\"50\" height=\"50\" src=\"https:\/\/set-goblen.ro\/blog\/wp-content\/uploads\/2015\/07\/bol-cu-trandafiri1.jpg\" class=\"arpw-thumbnail alignleft wp-post-image\" alt=\"Kit goblen &#8211; Bol cu Trandafiri\" srcset=\"https:\/\/set-goblen.ro\/blog\/wp-content\/uploads\/2015\/07\/bol-cu-trandafiri1.jpg 600w, https:\/\/set-goblen.ro\/blog\/wp-content\/uploads\/2015\/07\/bol-cu-trandafiri1-150x150.jpg 150w, https:\/\/set-goblen.ro\/blog\/wp-content\/uploads\/2015\/07\/bol-cu-trandafiri1-300x300.jpg 300w\" sizes=\"(max-width: 50px) 100vw, 50px\" \/><\/a><a class=\"arpw-title\" href=\"https:\/\/set-goblen.ro\/blog\/kit-goblen-bol-cu-trandafiri\/\" title=\"Permalink to Kit goblen &#8211; Bol cu Trandafiri\" rel=\"bookmark\">Kit goblen &#8211; Bol cu Trandafiri<\/a><\/li><li class=\"arpw-li arpw-clearfix\"><a href=\"https:\/\/set-goblen.ro\/blog\/set-goblen-ghiocei\/\"  rel=\"bookmark\"><img loading=\"lazy\" decoding=\"async\" width=\"50\" height=\"50\" src=\"https:\/\/set-goblen.ro\/blog\/wp-content\/uploads\/2016\/01\/ghiocei-50x50.jpg\" class=\"arpw-thumbnail alignleft wp-post-image\" alt=\"Set Goblen &#8211; Ghiocei\" srcset=\"https:\/\/set-goblen.ro\/blog\/wp-content\/uploads\/2016\/01\/ghiocei-50x50.jpg 50w, https:\/\/set-goblen.ro\/blog\/wp-content\/uploads\/2016\/01\/ghiocei-150x150.jpg 150w\" sizes=\"(max-width: 50px) 100vw, 50px\" \/><\/a><a class=\"arpw-title\" href=\"https:\/\/set-goblen.ro\/blog\/set-goblen-ghiocei\/\" title=\"Permalink to Set Goblen &#8211; Ghiocei\" rel=\"bookmark\">Set Goblen &#8211; Ghiocei<\/a><\/li><li class=\"arpw-li arpw-clearfix\"><a href=\"https:\/\/set-goblen.ro\/blog\/kit-goblen-trandafiri-in-cosulet\/\"  rel=\"bookmark\"><img loading=\"lazy\" decoding=\"async\" width=\"50\" height=\"50\" src=\"https:\/\/set-goblen.ro\/blog\/wp-content\/uploads\/2016\/01\/trandafiri-in-cosulet-50x50.jpg\" class=\"arpw-thumbnail alignleft wp-post-image\" alt=\"Kit Goblen &#8211; Trandafiri \u00een co\u0219ule\u021b\" srcset=\"https:\/\/set-goblen.ro\/blog\/wp-content\/uploads\/2016\/01\/trandafiri-in-cosulet-50x50.jpg 50w, https:\/\/set-goblen.ro\/blog\/wp-content\/uploads\/2016\/01\/trandafiri-in-cosulet-150x150.jpg 150w\" sizes=\"(max-width: 50px) 100vw, 50px\" \/><\/a><a class=\"arpw-title\" href=\"https:\/\/set-goblen.ro\/blog\/kit-goblen-trandafiri-in-cosulet\/\" title=\"Permalink to Kit Goblen &#8211; Trandafiri \u00een co\u0219ule\u021b\" rel=\"bookmark\">Kit Goblen &#8211; Trandafiri \u00een co\u0219ule\u021b<\/a><\/li><li class=\"arpw-li arpw-clearfix\"><a href=\"https:\/\/set-goblen.ro\/blog\/kit-goblen-portrait-de-jeune-fille\/\"  rel=\"bookmark\"><img loading=\"lazy\" decoding=\"async\" width=\"50\" height=\"50\" src=\"https:\/\/set-goblen.ro\/blog\/wp-content\/uploads\/2016\/01\/portrait-de-jeune-fille-de-emile-eisman-semenowsky-50x50.jpg\" class=\"arpw-thumbnail alignleft wp-post-image\" alt=\"Kit Goblen &#8211; Portrait de jeune fille\" srcset=\"https:\/\/set-goblen.ro\/blog\/wp-content\/uploads\/2016\/01\/portrait-de-jeune-fille-de-emile-eisman-semenowsky-50x50.jpg 50w, https:\/\/set-goblen.ro\/blog\/wp-content\/uploads\/2016\/01\/portrait-de-jeune-fille-de-emile-eisman-semenowsky-150x150.jpg 150w\" sizes=\"(max-width: 50px) 100vw, 50px\" \/><\/a><a class=\"arpw-title\" href=\"https:\/\/set-goblen.ro\/blog\/kit-goblen-portrait-de-jeune-fille\/\" title=\"Permalink to Kit Goblen &#8211; Portrait de jeune fille\" rel=\"bookmark\">Kit Goblen &#8211; Portrait de jeune fille<\/a><\/li><\/ul><\/div><!-- Generated by https:\/\/wordpress.org\/plugins\/advanced-random-posts-widget\/ -->------------\n<p>&nbsp;<\/p>\n<p>&nbsp;<\/p>\n","protected":false},"excerpt":{"rendered":"<div class=\"addtoany_share_save_container addtoany_content_top\"><div class=\"a2a_kit a2a_kit_size_32 addtoany_list a2a_target\" id=\"wpa2a_2\"><a class=\"a2a_button_facebook\" href=\"http:\/\/www.addtoany.com\/add_to\/facebook?linkurl=https%3A%2F%2Fset-goblen.ro%2Fblog%2Fkit-goblen-portrait-de-jeune-fille%2F&amp;linkname=Kit%20Goblen%20%E2%80%93%20Portrait%20de%20jeune%20fille\" title=\"Facebook\" rel=\"nofollow\" target=\"_blank\"><\/a><a class=\"a2a_button_twitter\" href=\"http:\/\/www.addtoany.com\/add_to\/twitter?linkurl=https%3A%2F%2Fset-goblen.ro%2Fblog%2Fkit-goblen-portrait-de-jeune-fille%2F&amp;linkname=Kit%20Goblen%20%E2%80%93%20Portrait%20de%20jeune%20fille\" title=\"Twitter\" rel=\"nofollow\" target=\"_blank\"><\/a><a class=\"a2a_button_google_plus\" href=\"http:\/\/www.addtoany.com\/add_to\/google_plus?linkurl=https%3A%2F%2Fset-goblen.ro%2Fblog%2Fkit-goblen-portrait-de-jeune-fille%2F&amp;linkname=Kit%20Goblen%20%E2%80%93%20Portrait%20de%20jeune%20fille\" title=\"Google+\" rel=\"nofollow\" target=\"_blank\"><\/a><a class=\"a2a_dd addtoany_share_save\" href=\"https:\/\/www.addtoany.com\/share_save\"><\/a><\/div><\/div><p>&nbsp; Dragi iubitori ai Set Goblen Rom\u00e2nia, avem pl\u0103cerea de a v\u0103 prezenta un nou goblen cusut dup\u0103 kiturile noastre. Numele goblenului este\u00a0Christ The Shepherd\u00a0\u0219i poate fi g\u0103sit pe website-ul nostru \u00een categoria\u00a0Religioase\u00a0sau c\u0103ut\u00e2nd pe site dup\u0103 codul 207. Dimensiunea goblenului\u00a0este 30 x 21,4 cm, iar num\u0103rul de culori prezente este 46. Asemenea tuturor modelelor [&hellip;]<\/p>\n","protected":false},"author":1,"featured_media":708,"comment_status":"open","ping_status":"open","sticky":false,"template":"","format":"standard","meta":{"footnotes":""},"categories":[2],"tags":[],"_links":{"self":[{"href":"https:\/\/set-goblen.ro\/blog\/wp-json\/wp\/v2\/posts\/707"}],"collection":[{"href":"https:\/\/set-goblen.ro\/blog\/wp-json\/wp\/v2\/posts"}],"about":[{"href":"https:\/\/set-goblen.ro\/blog\/wp-json\/wp\/v2\/types\/post"}],"author":[{"embeddable":true,"href":"https:\/\/set-goblen.ro\/blog\/wp-json\/wp\/v2\/users\/1"}],"replies":[{"embeddable":true,"href":"https:\/\/set-goblen.ro\/blog\/wp-json\/wp\/v2\/comments?post=707"}],"version-history":[{"count":2,"href":"https:\/\/set-goblen.ro\/blog\/wp-json\/wp\/v2\/posts\/707\/revisions"}],"predecessor-version":[{"id":710,"href":"https:\/\/set-goblen.ro\/blog\/wp-json\/wp\/v2\/posts\/707\/revisions\/710"}],"wp:featuredmedia":[{"embeddable":true,"href":"https:\/\/set-goblen.ro\/blog\/wp-json\/wp\/v2\/media\/708"}],"wp:attachment":[{"href":"https:\/\/set-goblen.ro\/blog\/wp-json\/wp\/v2\/media?parent=707"}],"wp:term":[{"taxonomy":"category","embeddable":true,"href":"https:\/\/set-goblen.ro\/blog\/wp-json\/wp\/v2\/categories?post=707"},{"taxonomy":"post_tag","embeddable":true,"href":"https:\/\/set-goblen.ro\/blog\/wp-json\/wp\/v2\/tags?post=707"}],"curies":[{"name":"wp","href":"https:\/\/api.w.org\/{rel}","templated":true}]}}