{"id":749,"date":"2016-03-25T15:14:08","date_gmt":"2016-03-25T13:14:08","guid":{"rendered":"http:\/\/set-goblen.ro\/blog\/?p=749"},"modified":"2016-01-28T23:14:36","modified_gmt":"2016-01-28T21:14:36","slug":"kit-goblen-trandafiri-in-cosulet","status":"publish","type":"post","link":"https:\/\/set-goblen.ro\/blog\/kit-goblen-trandafiri-in-cosulet\/","title":{"rendered":"Kit Goblen &#8211; Trandafiri \u00een co\u0219ule\u021b"},"content":{"rendered":"<div class=\"addtoany_share_save_container addtoany_content_top\"><div class=\"a2a_kit a2a_kit_size_32 addtoany_list a2a_target\" id=\"wpa2a_1\"><a class=\"a2a_button_facebook\" href=\"http:\/\/www.addtoany.com\/add_to\/facebook?linkurl=https%3A%2F%2Fset-goblen.ro%2Fblog%2Fset-goblen-pastel-autumnal%2F&amp;linkname=Set%20goblen%20%E2%80%93%20Pastel%20Autumnal\" title=\"Facebook\" rel=\"nofollow\" target=\"_blank\"><\/a><a class=\"a2a_button_twitter\" href=\"http:\/\/www.addtoany.com\/add_to\/twitter?linkurl=https%3A%2F%2Fset-goblen.ro%2Fblog%2Fset-goblen-pastel-autumnal%2F&amp;linkname=Set%20goblen%20%E2%80%93%20Pastel%20Autumnal\" title=\"Twitter\" rel=\"nofollow\" target=\"_blank\"><\/a><a class=\"a2a_button_google_plus\" href=\"http:\/\/www.addtoany.com\/add_to\/google_plus?linkurl=https%3A%2F%2Fset-goblen.ro%2Fblog%2Fset-goblen-pastel-autumnal%2F&amp;linkname=Set%20goblen%20%E2%80%93%20Pastel%20Autumnal\" title=\"Google+\" rel=\"nofollow\" target=\"_blank\"><\/a><a class=\"a2a_dd addtoany_share_save\" href=\"https:\/\/www.addtoany.com\/share_save\"><\/a>\n<script type=\"text\/javascript\"><!--\nwpa2a.script_load();\n\/\/--><\/script>\n<\/div><\/div><p><a href=\"http:\/\/set-goblen.ro\/\" rel=\"attachment wp-att-577\"><img loading=\"lazy\" decoding=\"async\" class=\"size-medium wp-image-577 alignleft\" src=\"http:\/\/set-goblen.ro\/blog\/wp-content\/uploads\/2015\/09\/set-goblen.ro-PNGvectoriala_001-300x100.png\" alt=\"set-goblen.ro (PNG)vectoriala_001\" width=\"300\" height=\"100\" srcset=\"https:\/\/set-goblen.ro\/blog\/wp-content\/uploads\/2015\/09\/set-goblen.ro-PNGvectoriala_001-300x100.png 300w, https:\/\/set-goblen.ro\/blog\/wp-content\/uploads\/2015\/09\/set-goblen.ro-PNGvectoriala_001.png 584w\" sizes=\"(max-width: 300px) 100vw, 300px\" \/><\/a>\u00cen cele ce urmeaz\u0103 v\u0103 prezent\u0103m un nou kit goblen ce face parte din oferta noastr\u0103, numele kitului este\u00a0<em><a href=\"http:\/\/set-goblen.ro\/flori\/4245-trandafiri-in-cosulet.html\">Trandafiri \u00een co\u0219ule\u021b<\/a>,\u00a0<\/em>\u0219i datorit\u0103 caracteristicilor sale, odat\u0103 cusut, acesta va fi o adev\u0103rat\u0103 pictur\u0103 cu acul.<\/p>\n<p>Dimensiunile sunt generoase, acesta av\u00e2nd 41 de centimetri l\u0103\u021bime \u0219i 28,4 de centimetri \u00een\u0103l\u021bime, iar num\u0103rul de culori mare, 90 la num\u0103r, \u00eempreun\u0103 cu aten\u021bia avut\u0103 la prelucrare, fac ca fiecare detaliu s\u0103 ias\u0103 \u00een eviden\u021b\u0103 \u0219i\u00a0<em>pictura\u00a0<\/em>s\u0103 prind\u0103 via\u021b\u0103.<\/p>\n<p>&nbsp;<\/p>\n<p><a href=\"http:\/\/set-goblen.ro\/blog\/wp-content\/uploads\/2016\/01\/trandafiri-in-cosulet.jpg\" rel=\"attachment wp-att-750\"><img loading=\"lazy\" decoding=\"async\" class=\"aligncenter size-full wp-image-750\" src=\"http:\/\/set-goblen.ro\/blog\/wp-content\/uploads\/2016\/01\/trandafiri-in-cosulet.jpg\" alt=\"trandafiri-in-cosulet\" width=\"798\" height=\"696\" srcset=\"https:\/\/set-goblen.ro\/blog\/wp-content\/uploads\/2016\/01\/trandafiri-in-cosulet.jpg 798w, https:\/\/set-goblen.ro\/blog\/wp-content\/uploads\/2016\/01\/trandafiri-in-cosulet-300x262.jpg 300w, https:\/\/set-goblen.ro\/blog\/wp-content\/uploads\/2016\/01\/trandafiri-in-cosulet-768x670.jpg 768w\" sizes=\"(max-width: 798px) 100vw, 798px\" \/><\/a><\/p>\n<p>&nbsp;<\/p>\n<p>Laitmotivul acestui goblen este reprezentat de trandafiri, ace\u0219tia\u00a0<em>curg\u00a0<\/em>dintr-un co\u0219ule\u021b rectangular care ocup\u0103 centrul goblenului. Pentru a scoate c\u00e2t mai bine \u00een eviden\u021b\u0103 culorile vii ale trandafirilor, fundalul este neutru, cu tente \u00eenchis-deschise distribuite pe diagonal\u0103.<\/p>\n<p>&nbsp;<\/p>\nCiteste si: <div class=\"arpw-random-post \"><ul class=\"arpw-ul\"><li class=\"arpw-li arpw-clearfix\"><a href=\"https:\/\/set-goblen.ro\/blog\/goblen-diagrame-gratuite-trandafiri-pe-postament\/\"  rel=\"bookmark\"><img loading=\"lazy\" decoding=\"async\" width=\"150\" height=\"150\" src=\"https:\/\/set-goblen.ro\/blog\/wp-content\/uploads\/2014\/06\/000-150x150.jpg\" class=\"arpw-thumbnail alignleft wp-post-image\" alt=\"Goblen &#8211; diagrame gratuite &#8211; Trandafiri pe postament\" \/><\/a><a class=\"arpw-title\" href=\"https:\/\/set-goblen.ro\/blog\/goblen-diagrame-gratuite-trandafiri-pe-postament\/\" title=\"Permalink to Goblen &#8211; diagrame gratuite &#8211; Trandafiri pe postament\" rel=\"bookmark\">Goblen &#8211; diagrame gratuite &#8211; Trandafiri pe postament<\/a><\/li><\/ul><\/div><!-- Generated by https:\/\/wordpress.org\/plugins\/advanced-random-posts-widget\/ -->------------\n<p>&nbsp;<\/p>\n<p>O legend\u0103 greac\u0103 spune c\u0103 zei\u021ba florilor Chloris a creat s\u0103m\u00e2n\u021ba trandafirului din cenu\u0219a\u00a0unei nimfe, apoi le-a cerut ajutorul celorlal\u021bi zei, astfel Zeus i-a insuflat trandafirului via\u021ba, Afrodita i-a dat trandafirului frumuse\u021bea, Dionisos a scufundat s\u0103m\u00e2n\u021ba\u00a0\u00een nectar, d\u00e2ndu-i trandafirului mirosul pl\u0103cut. Cele trei Gra\u021bii i-au dat trandafirului \u0219armul, str\u0103lucirea \u0219i bucuria. Apoi Zephyr, zeul v\u00e2ntului, a alungat norii astfel \u00eenc\u00e2t Apolo, zeul soarelui, s\u0103 str\u0103luceasc\u0103 asupra s\u0103m\u00e2n\u021bei de trandafir. \u00a0f\u0103c\u00e2nd astfel ca trandafirul s\u0103 r\u0103sar\u0103.\u00a0. Imediat dup\u0103 aceasta, trandafirul a fost \u00eencoronat Regele Florilor.<\/p>\n<p>Acest kit goblen are codul 747 \u0219i poate fi g\u0103sit \u00een sec\u021biunea de\u00a0<em><a href=\"http:\/\/set-goblen.ro\/13-flori\">Flori<\/a>\u00a0<\/em>a website-ului nostru sau acces\u00e2nd urm\u0103toarea leg\u0103tur\u0103:\u00a0<em><a href=\"http:\/\/set-goblen.ro\/flori\/4245-trandafiri-in-cosulet.html\">Kit goblen &#8211; Trandafiri \u00een co\u0219ule\u021b<\/a>.\u00a0<\/em><\/p>\n<p>Pentru nel\u0103muriri \u0219i detalii suplimentare v\u0103 rug\u0103m s\u0103 ne contacta\u021bi pe email sau apel\u00e2nd numerele de telefon afi\u0219ate pe website-ul nostru.<\/p>\n<p>&nbsp;<\/p>\nCite\u0219te \u0219i: <div class=\"arpw-random-post \"><ul class=\"arpw-ul\"><li class=\"arpw-li arpw-clearfix\"><a href=\"https:\/\/set-goblen.ro\/blog\/kituri-goblen-iarna-la-munte\/\"  rel=\"bookmark\"><img loading=\"lazy\" decoding=\"async\" width=\"50\" height=\"50\" src=\"https:\/\/set-goblen.ro\/blog\/wp-content\/uploads\/2015\/07\/iarna-la-munte-iii.jpg\" class=\"arpw-thumbnail alignleft wp-post-image\" alt=\"Kituri goblen &#8211; iarna la munte\" srcset=\"https:\/\/set-goblen.ro\/blog\/wp-content\/uploads\/2015\/07\/iarna-la-munte-iii.jpg 600w, https:\/\/set-goblen.ro\/blog\/wp-content\/uploads\/2015\/07\/iarna-la-munte-iii-150x150.jpg 150w, https:\/\/set-goblen.ro\/blog\/wp-content\/uploads\/2015\/07\/iarna-la-munte-iii-300x300.jpg 300w\" sizes=\"(max-width: 50px) 100vw, 50px\" \/><\/a><a class=\"arpw-title\" href=\"https:\/\/set-goblen.ro\/blog\/kituri-goblen-iarna-la-munte\/\" title=\"Permalink to Kituri goblen &#8211; iarna la munte\" rel=\"bookmark\">Kituri goblen &#8211; iarna la munte<\/a><\/li><li class=\"arpw-li arpw-clearfix\"><a href=\"https:\/\/set-goblen.ro\/blog\/set-goblen-portrait-dune-jeune-femme\/\"  rel=\"bookmark\"><img loading=\"lazy\" decoding=\"async\" width=\"50\" height=\"50\" src=\"https:\/\/set-goblen.ro\/blog\/wp-content\/uploads\/2016\/01\/portrait-d-une-jeune-femme-50x50.jpg\" class=\"arpw-thumbnail alignleft wp-post-image\" alt=\"Set Goblen &#8211; Portrait d&#8217;une jeune femme\" srcset=\"https:\/\/set-goblen.ro\/blog\/wp-content\/uploads\/2016\/01\/portrait-d-une-jeune-femme-50x50.jpg 50w, https:\/\/set-goblen.ro\/blog\/wp-content\/uploads\/2016\/01\/portrait-d-une-jeune-femme-150x150.jpg 150w\" sizes=\"(max-width: 50px) 100vw, 50px\" \/><\/a><a class=\"arpw-title\" href=\"https:\/\/set-goblen.ro\/blog\/set-goblen-portrait-dune-jeune-femme\/\" title=\"Permalink to Set Goblen &#8211; Portrait d&#8217;une jeune femme\" rel=\"bookmark\">Set Goblen &#8211; Portrait d&#8217;une jeune femme<\/a><\/li><li class=\"arpw-li arpw-clearfix\"><a href=\"https:\/\/set-goblen.ro\/blog\/black-friday-la-set-goblen-romania\/\"  rel=\"bookmark\"><img loading=\"lazy\" decoding=\"async\" width=\"30\" height=\"50\" src=\"https:\/\/set-goblen.ro\/blog\/wp-content\/uploads\/2014\/11\/black-friday-mic.jpg\" class=\"arpw-thumbnail alignleft wp-post-image\" alt=\"Pe 21 Noiembrie sarbatorim  Black Friday la Set Goblen Romania\" srcset=\"https:\/\/set-goblen.ro\/blog\/wp-content\/uploads\/2014\/11\/black-friday-mic.jpg 1835w, https:\/\/set-goblen.ro\/blog\/wp-content\/uploads\/2014\/11\/black-friday-mic-181x300.jpg 181w, https:\/\/set-goblen.ro\/blog\/wp-content\/uploads\/2014\/11\/black-friday-mic-619x1024.jpg 619w\" sizes=\"(max-width: 30px) 100vw, 30px\" \/><\/a><a class=\"arpw-title\" href=\"https:\/\/set-goblen.ro\/blog\/black-friday-la-set-goblen-romania\/\" title=\"Permalink to Pe 21 Noiembrie sarbatorim  Black Friday la Set Goblen Romania\" rel=\"bookmark\">Pe 21 Noiembrie sarbatorim  Black Friday la Set Goblen Romania<\/a><\/li><li class=\"arpw-li arpw-clearfix\"><a href=\"https:\/\/set-goblen.ro\/blog\/cum-iti-poti-vinde-goblenul-cusut\/\"  rel=\"bookmark\"><img loading=\"lazy\" decoding=\"async\" width=\"50\" height=\"38\" src=\"https:\/\/set-goblen.ro\/blog\/wp-content\/uploads\/2014\/11\/P1010557-1_001.jpg\" class=\"arpw-thumbnail alignleft wp-post-image\" alt=\"Cum \u00ee\u021bi po\u021bi vinde goblenul cusut\" srcset=\"https:\/\/set-goblen.ro\/blog\/wp-content\/uploads\/2014\/11\/P1010557-1_001.jpg 768w, https:\/\/set-goblen.ro\/blog\/wp-content\/uploads\/2014\/11\/P1010557-1_001-300x225.jpg 300w\" sizes=\"(max-width: 50px) 100vw, 50px\" \/><\/a><a class=\"arpw-title\" href=\"https:\/\/set-goblen.ro\/blog\/cum-iti-poti-vinde-goblenul-cusut\/\" title=\"Permalink to Cum \u00ee\u021bi po\u021bi vinde goblenul cusut\" rel=\"bookmark\">Cum \u00ee\u021bi po\u021bi vinde goblenul cusut<\/a><\/li><li class=\"arpw-li arpw-clearfix\"><a href=\"https:\/\/set-goblen.ro\/blog\/set-goblen-pastel-autumnal\/\"  rel=\"bookmark\"><img loading=\"lazy\" decoding=\"async\" width=\"50\" height=\"50\" src=\"https:\/\/set-goblen.ro\/blog\/wp-content\/uploads\/2015\/07\/pastel-autumnal.jpg\" class=\"arpw-thumbnail alignleft wp-post-image\" alt=\"Set goblen &#8211; Pastel Autumnal\" srcset=\"https:\/\/set-goblen.ro\/blog\/wp-content\/uploads\/2015\/07\/pastel-autumnal.jpg 600w, https:\/\/set-goblen.ro\/blog\/wp-content\/uploads\/2015\/07\/pastel-autumnal-150x150.jpg 150w, https:\/\/set-goblen.ro\/blog\/wp-content\/uploads\/2015\/07\/pastel-autumnal-300x300.jpg 300w\" sizes=\"(max-width: 50px) 100vw, 50px\" \/><\/a><a class=\"arpw-title\" href=\"https:\/\/set-goblen.ro\/blog\/set-goblen-pastel-autumnal\/\" title=\"Permalink to Set goblen &#8211; Pastel Autumnal\" rel=\"bookmark\">Set goblen &#8211; Pastel Autumnal<\/a><\/li><\/ul><\/div><!-- Generated by https:\/\/wordpress.org\/plugins\/advanced-random-posts-widget\/ -->------------\n","protected":false},"excerpt":{"rendered":"<div class=\"addtoany_share_save_container addtoany_content_top\"><div class=\"a2a_kit a2a_kit_size_32 addtoany_list a2a_target\" id=\"wpa2a_2\"><a class=\"a2a_button_facebook\" href=\"http:\/\/www.addtoany.com\/add_to\/facebook?linkurl=https%3A%2F%2Fset-goblen.ro%2Fblog%2Fset-goblen-pastel-autumnal%2F&amp;linkname=Set%20goblen%20%E2%80%93%20Pastel%20Autumnal\" title=\"Facebook\" rel=\"nofollow\" target=\"_blank\"><\/a><a class=\"a2a_button_twitter\" href=\"http:\/\/www.addtoany.com\/add_to\/twitter?linkurl=https%3A%2F%2Fset-goblen.ro%2Fblog%2Fset-goblen-pastel-autumnal%2F&amp;linkname=Set%20goblen%20%E2%80%93%20Pastel%20Autumnal\" title=\"Twitter\" rel=\"nofollow\" target=\"_blank\"><\/a><a class=\"a2a_button_google_plus\" href=\"http:\/\/www.addtoany.com\/add_to\/google_plus?linkurl=https%3A%2F%2Fset-goblen.ro%2Fblog%2Fset-goblen-pastel-autumnal%2F&amp;linkname=Set%20goblen%20%E2%80%93%20Pastel%20Autumnal\" title=\"Google+\" rel=\"nofollow\" target=\"_blank\"><\/a><a class=\"a2a_dd addtoany_share_save\" href=\"https:\/\/www.addtoany.com\/share_save\"><\/a><\/div><\/div><p>\u00cen cele ce urmeaz\u0103 v\u0103 prezent\u0103m un nou kit goblen ce face parte din oferta noastr\u0103, numele kitului este\u00a0Trandafiri \u00een co\u0219ule\u021b,\u00a0\u0219i datorit\u0103 caracteristicilor sale, odat\u0103 cusut, acesta va fi o adev\u0103rat\u0103 pictur\u0103 cu acul. Dimensiunile sunt generoase, acesta av\u00e2nd 41 de centimetri l\u0103\u021bime \u0219i 28,4 de centimetri \u00een\u0103l\u021bime, iar num\u0103rul de culori mare, 90 la [&hellip;]<\/p>\n","protected":false},"author":1,"featured_media":750,"comment_status":"open","ping_status":"open","sticky":false,"template":"","format":"standard","meta":{"footnotes":""},"categories":[16],"tags":[],"_links":{"self":[{"href":"https:\/\/set-goblen.ro\/blog\/wp-json\/wp\/v2\/posts\/749"}],"collection":[{"href":"https:\/\/set-goblen.ro\/blog\/wp-json\/wp\/v2\/posts"}],"about":[{"href":"https:\/\/set-goblen.ro\/blog\/wp-json\/wp\/v2\/types\/post"}],"author":[{"embeddable":true,"href":"https:\/\/set-goblen.ro\/blog\/wp-json\/wp\/v2\/users\/1"}],"replies":[{"embeddable":true,"href":"https:\/\/set-goblen.ro\/blog\/wp-json\/wp\/v2\/comments?post=749"}],"version-history":[{"count":1,"href":"https:\/\/set-goblen.ro\/blog\/wp-json\/wp\/v2\/posts\/749\/revisions"}],"predecessor-version":[{"id":751,"href":"https:\/\/set-goblen.ro\/blog\/wp-json\/wp\/v2\/posts\/749\/revisions\/751"}],"wp:featuredmedia":[{"embeddable":true,"href":"https:\/\/set-goblen.ro\/blog\/wp-json\/wp\/v2\/media\/750"}],"wp:attachment":[{"href":"https:\/\/set-goblen.ro\/blog\/wp-json\/wp\/v2\/media?parent=749"}],"wp:term":[{"taxonomy":"category","embeddable":true,"href":"https:\/\/set-goblen.ro\/blog\/wp-json\/wp\/v2\/categories?post=749"},{"taxonomy":"post_tag","embeddable":true,"href":"https:\/\/set-goblen.ro\/blog\/wp-json\/wp\/v2\/tags?post=749"}],"curies":[{"name":"wp","href":"https:\/\/api.w.org\/{rel}","templated":true}]}}